{"id":2530,"date":"2026-07-10T10:30:10","date_gmt":"2026-07-10T10:30:10","guid":{"rendered":"https:\/\/shetshqip.com\/?p=2530"},"modified":"2026-07-10T10:30:18","modified_gmt":"2026-07-10T10:30:18","slug":"lajmet-per-pune-te-jashteligjshme-xhensila-reagon-per-here-te-pare","status":"publish","type":"post","link":"https:\/\/shetshqip.com\/?p=2530","title":{"rendered":"Lajmet p\u00ebr \u2018pun\u00eb t\u00eb jasht\u00ebligjshme\u2019, Xhensila reagon p\u00ebr her\u00eb t\u00eb par\u00eb"},"content":{"rendered":"<p>S\u00eb fundmi, n\u00eb media kan\u00eb qarkulluar lajme q\u00eb aludojn\u00eb p\u00ebr p\u00ebrfshirjen e k\u00ebng\u00ebtares Xhensila Myrtezaj n\u00eb nj\u00eb skem\u00eb t\u00eb dyshuar t\u00eb pastrimit t\u00eb parave. Sipas k\u00ebtyre pretendimeve, n\u00eb mars t\u00eb vitit 2026 dyshohet se t\u00eb ardhura nga aktivitete t\u00eb paligjshme jan\u00eb riinvestuar p\u00ebrmes blerjes s\u00eb nj\u00eb qendre dermoestetike n\u00eb zon\u00ebn e Liqenit t\u00eb That\u00eb n\u00eb Tiran\u00eb, konkretisht subjektit \u201cSilabel\u201d, klinik\u00eb kjo e lidhur me k\u00ebng\u00ebtaren, p\u00ebr t\u00eb vijuar m\u00eb pas aktivitetin me nj\u00eb em\u00ebrtim tjet\u00ebr.<\/p>\n<p data-path-to-node=\"2\">Pas qarkullimit t\u00eb k\u00ebtyre lajmeve, Xhensila ka reaguar ashp\u00ebr p\u00ebrmes nj\u00eb deklarate publike n\u00eb llogarin\u00eb e saj n\u00eb Instagram. Ajo ka hedhur posht\u00eb kategorikisht akuzat, duke u shprehur se portalet dhe faqet q\u00eb kan\u00eb shp\u00ebrndar\u00eb k\u00ebto lajme t\u00eb pav\u00ebrteta me emrin e saj, thjesht kan\u00eb keqinformuar opinionin publik.<\/p>\n<p data-path-to-node=\"3\">N\u00eb deklarat\u00ebn e saj, k\u00ebng\u00ebtarja ka sqaruar qart\u00eb pozicionin e saj n\u00eb raport me institucionet e drejt\u00ebsis\u00eb.<\/p>\n<blockquote>\n<p data-path-to-node=\"3\">\u201cSqaroj qart\u00eb se nuk jam subjekt i asnj\u00eb hetimi nga SPAK,\u201d shkruan ajo, duke theksuar se \u00e7do pretendim i kund\u00ebrt \u00ebsht\u00eb t\u00ebr\u00ebsisht i rrem\u00eb, i pabazuar dhe i cenon r\u00ebnd\u00eb figur\u00ebn, dinjitetin dhe reputacionin.<\/p>\n<\/blockquote>\n<p data-path-to-node=\"4\">N\u00eb mbyllje t\u00eb reagimit, k\u00ebng\u00ebtarja u ka b\u00ebr\u00eb thirrje t\u00eb gjitha mediave q\u00eb t\u00eb verifikojn\u00eb faktet p\u00ebrpara se t\u00eb publikojn\u00eb lajme t\u00eb tilla.<\/p>\n<p data-path-to-node=\"4\">Ajo ka paralajm\u00ebruar prer\u00eb se p\u00ebr \u00e7do shpifje q\u00eb vazhdon t\u00eb shpif\u00eb dhe t\u00eb publikoj\u00eb informacione t\u00eb pav\u00ebrteta q\u00eb d\u00ebmtojn\u00eb imazhin e saj, do t\u00eb p\u00ebrballet me drejt\u00ebsin\u00eb dhe do t\u00eb ndiqet n\u00eb t\u00eb gjitha rrug\u00ebt ligjore.<\/p>\n<p data-path-to-node=\"4\"><img fetchpriority=\"high\" decoding=\"async\" class=\"alignnone size-full wp-image-237831\" src=\"https:\/\/privebruto.com\/wp-content\/uploads\/2026\/07\/WhatsApp-Image-2026-07-10-at-11.09.36.jpeg\" sizes=\"(max-width: 892px) 100vw, 892px\" srcset=\"https:\/\/privebruto.com\/wp-content\/uploads\/2026\/07\/WhatsApp-Image-2026-07-10-at-11.09.36.jpeg 892w, https:\/\/privebruto.com\/wp-content\/uploads\/2026\/07\/WhatsApp-Image-2026-07-10-at-11.09.36-167x300.jpeg 167w, https:\/\/privebruto.com\/wp-content\/uploads\/2026\/07\/WhatsApp-Image-2026-07-10-at-11.09.36-571x1024.jpeg 571w, https:\/\/privebruto.com\/wp-content\/uploads\/2026\/07\/WhatsApp-Image-2026-07-10-at-11.09.36-768x1378.jpeg 768w, https:\/\/privebruto.com\/wp-content\/uploads\/2026\/07\/WhatsApp-Image-2026-07-10-at-11.09.36-856x1536.jpeg 856w, https:\/\/privebruto.com\/wp-content\/uploads\/2026\/07\/WhatsApp-Image-2026-07-10-at-11.09.36-860x1543.jpeg 860w\" alt=\"\" width=\"892\" height=\"1600\" \/><\/p>\n<div class=\"single-meta meta-s-line yes-wrap is-meta-author-text yes-border\">\n<div class=\"smeta-in\">\n<div class=\"smeta-sec\">\n<div class=\"p-meta\">\n<div class=\"meta-inner is-meta\">\n<div class=\"meta-el\"><\/div>\n<\/div>\n<\/div>\n<\/div>\n<\/div>\n<\/div>\n","protected":false},"excerpt":{"rendered":"<p>S\u00eb fundmi, n\u00eb media kan\u00eb qarkulluar lajme q\u00eb aludojn\u00eb p\u00ebr p\u00ebrfshirjen e k\u00ebng\u00ebtares Xhensila Myrtezaj n\u00eb nj\u00eb skem\u00eb t\u00eb dyshuar t\u00eb pastrimit t\u00eb parave. Sipas k\u00ebtyre pretendimeve, n\u00eb mars t\u00eb vitit 2026 dyshohet se t\u00eb ardhura nga aktivitete t\u00eb paligjshme jan\u00eb riinvestuar p\u00ebrmes blerjes s\u00eb nj\u00eb qendre dermoestetike n\u00eb zon\u00ebn e Liqenit t\u00eb That\u00eb n\u00eb [&hellip;]<\/p>\n","protected":false},"author":1,"featured_media":2531,"comment_status":"open","ping_status":"open","sticky":false,"template":"","format":"standard","meta":{"jnews-multi-image_gallery":[],"jnews_single_post":{"subtitle":"","format":"standard","override":[{"template":"1","parallax":"1","fullscreen":"1","layout":"right-sidebar","sidebar":"default-sidebar","second_sidebar":"default-sidebar","sticky_sidebar":"1","share_position":"top","share_float_style":"share-monocrhome","show_share_counter":"1","show_view_counter":"1","show_featured":"1","show_post_meta":"1","show_post_author":"1","show_post_author_image":"1","show_post_date":"1","post_date_format":"default","post_date_format_custom":"Y\/m\/d","show_post_category":"1","show_post_reading_time":"0","post_reading_time_wpm":"300","post_calculate_word_method":"str_word_count","show_zoom_button":"0","zoom_button_out_step":"2","zoom_button_in_step":"3","show_post_tag":"1","show_popup_post":"1","show_comment_section":"1","number_popup_post":"1","show_author_box":"1","show_post_related":"0","show_inline_post_related":"0"}],"image_override":[{"single_post_thumbnail_size":"crop-715","single_post_gallery_size":"crop-500"}],"trending_post_position":"meta","trending_post_label":"Trending","sponsored_post_label":"Sponsored by","disable_ad":"0"},"jnews_primary_category":[],"jnews_social_meta":[],"jnews_override_counter":{"view_counter_number":"0","share_counter_number":"0","like_counter_number":"0","dislike_counter_number":"0"},"jnews_post_split":{"post_split":[{"template":"1","tag":"h2","numbering":"asc","mode":"normal","first":"0","enable_toc":"0","toc_type":"normal"}]},"footnotes":""},"categories":[84],"tags":[],"class_list":["post-2530","post","type-post","status-publish","format-standard","has-post-thumbnail","hentry","category-showbiz"],"_links":{"self":[{"href":"https:\/\/shetshqip.com\/index.php?rest_route=\/wp\/v2\/posts\/2530","targetHints":{"allow":["GET"]}}],"collection":[{"href":"https:\/\/shetshqip.com\/index.php?rest_route=\/wp\/v2\/posts"}],"about":[{"href":"https:\/\/shetshqip.com\/index.php?rest_route=\/wp\/v2\/types\/post"}],"author":[{"embeddable":true,"href":"https:\/\/shetshqip.com\/index.php?rest_route=\/wp\/v2\/users\/1"}],"replies":[{"embeddable":true,"href":"https:\/\/shetshqip.com\/index.php?rest_route=%2Fwp%2Fv2%2Fcomments&post=2530"}],"version-history":[{"count":1,"href":"https:\/\/shetshqip.com\/index.php?rest_route=\/wp\/v2\/posts\/2530\/revisions"}],"predecessor-version":[{"id":2532,"href":"https:\/\/shetshqip.com\/index.php?rest_route=\/wp\/v2\/posts\/2530\/revisions\/2532"}],"wp:featuredmedia":[{"embeddable":true,"href":"https:\/\/shetshqip.com\/index.php?rest_route=\/wp\/v2\/media\/2531"}],"wp:attachment":[{"href":"https:\/\/shetshqip.com\/index.php?rest_route=%2Fwp%2Fv2%2Fmedia&parent=2530"}],"wp:term":[{"taxonomy":"category","embeddable":true,"href":"https:\/\/shetshqip.com\/index.php?rest_route=%2Fwp%2Fv2%2Fcategories&post=2530"},{"taxonomy":"post_tag","embeddable":true,"href":"https:\/\/shetshqip.com\/index.php?rest_route=%2Fwp%2Fv2%2Ftags&post=2530"}],"curies":[{"name":"wp","href":"https:\/\/api.w.org\/{rel}","templated":true}]}}