{"id":2485,"date":"2026-03-11T11:08:33","date_gmt":"2026-03-11T11:08:33","guid":{"rendered":"https:\/\/shetshqip.com\/?p=2485"},"modified":"2026-03-11T11:08:33","modified_gmt":"2026-03-11T11:08:33","slug":"festimet-per-diten-e-veres-bllokojne-rruget-ne-tirane-si-do-te-kufizohet-qarkullimi-per-dy-dite","status":"publish","type":"post","link":"https:\/\/shetshqip.com\/?p=2485","title":{"rendered":"Festimet p\u00ebr Dit\u00ebn e Ver\u00ebs bllokojn\u00eb rrug\u00ebt n\u00eb Tiran\u00eb!  Si do t\u00eb kufizohet qarkullimi p\u00ebr dy dit\u00eb"},"content":{"rendered":"<div class=\"adGroupWrapper\">\n<div class=\"adWrapperInner\">\n<div id=\"div-gpt-ad-1690200154955-0\" class=\"adBlock\" data-google-query-id=\"CPOTke7Zl5MDFYBGngYdNBEfRg\">\n<div id=\"google_ads_iframe_\/52408802\/GazetaShqip_2_0__container__\">Sikurse \u00ebsht\u00eb b\u00ebr\u00eb tradit\u00eb, Tirana do t\u00eb mir\u00ebpres\u00eb edhe k\u00ebt\u00eb vit festimet p\u00ebr Dit\u00ebn e Ver\u00ebs. Bashkia e Tiran\u00ebs njofton se devijimi i trafikut do t\u00eb nis\u00eb prej or\u00ebs 12:00 t\u00eb dat\u00ebs 13 mars, deri n\u00eb or\u00ebt e para t\u00eb dat\u00ebs 15 mars.<\/div>\n<\/div>\n<\/div>\n<\/div>\n<p>Po ashtu, Bashkia e Tiran\u00ebs b\u00ebn me dije se jan\u00eb planifikuar nj\u00eb s\u00ebr\u00eb aktivitetesh festive p\u00ebr t\u00eb gjitha grup moshat, t\u00eb cilat do t\u00eb nisin q\u00eb n\u00eb or\u00ebt e para t\u00eb dit\u00ebs dhe do t\u00eb p\u00ebrfundojn\u00eb von\u00eb pas mesnate.<\/p>\n<p>Me q\u00ebllim garantimin e mbar\u00ebvajtjes s\u00eb k\u00ebtyre aktiviteteve dhe p\u00ebr t\u2019u dh\u00ebn\u00eb mund\u00ebsi qytetar\u00ebve q\u00eb t\u00eb festojn\u00eb qet\u00ebsisht, Bashkia e Tiran\u00ebs, n\u00eb bashk\u00ebpunim edhe me Policin\u00eb e Shtetit, ka nd\u00ebrmarr\u00eb t\u00eb gjitha masat p\u00ebr kufizimin e qarkullimit t\u00eb automjeteve n\u00eb disa prej rrug\u00ebve, ku \u00ebsht\u00eb planifikuar zhvillimi i aktiviteteve. M\u00eb konkretisht:<\/p>\n<p>Kufizimin e qarkullimit t\u00eb automjeteve p\u00ebr mbar\u00ebvajtjen e aktiviteteve t\u00eb organizuara nga Bashkia e Tiran\u00ebs n\u00eb kuad\u00ebr t\u00eb \u201cDit\u00ebs s\u00eb Ver\u00ebs 2026\u201d, n\u00eb segmentet rrugore dhe oraret si m\u00eb posht\u00eb vijon:<\/p>\n<p>a.<strong> Nga data 13 mars 2026, ora 22:00, deri m\u00eb 14 mars, n\u00eb or\u00ebn 18:00:<\/strong><\/p>\n<ul class=\"wp-block-list\">\n<li>-Bulevardi \u201cD\u00ebshmor\u00ebt e Kombit\u201d nga Ministria e Brendshme, deri n\u00eb fillim t\u00eb ish \u201cHotel Dajti\u201d;<\/li>\n<li>-Bulevardi \u201cD\u00ebshmor\u00ebt e Kombit\u201d nga Ura e ish \u201cHotel Dajti\u201d, deri n\u00eb kryq\u00ebzimin me rrug\u00ebn \u201cIsmail Qemali\u201d;<\/li>\n<li>-Bulevardi \u201cD\u00ebshmor\u00ebt e Kombit\u201d nga kryq\u00ebzimi i rrug\u00ebs \u201cIsmail Qemali\u201d, deri n\u00eb kryq\u00ebzimin me rrug\u00ebn \u201cGjergj Filipi\u201d;<\/li>\n<li>-Bulevardi \u201cD\u00ebshmor\u00ebt e Kombit\u201d nga kryq\u00ebzimi i rrug\u00ebs \u201cGjergj Filipi\u201d, deri n\u00eb fillim t\u00eb sheshit \u201cN\u00ebn\u00eb Tereza\u201d;<\/li>\n<\/ul>\n<div class=\"gsh-embed\">\n<article class=\"story-block align-left image-align-left valign-horizontal strip\">\n<div class=\"inner\">\n<div class=\"content\"><\/div>\n<\/div>\n<\/article>\n<\/div>\n<p>b.<strong>\u00a0Nga data 13 mars 2026, ora 12:00, deri n\u00eb dat\u00ebn 15 mars, n\u00eb or\u00ebn 02:00<\/strong><\/p>\n<ul class=\"wp-block-list\">\n<li>-Rruga \u201cD\u00ebshmor\u00ebt e 4 Shkurtit\u201d nga kryq\u00ebzimi me rrug\u00ebn \u201cIsmail Qemali\u201d, deri n\u00eb kryq\u00ebzimin me rrug\u00ebn \u201cBrigada VIII\u201d;<\/li>\n<li>-Rruga \u201cPjet\u00ebr Bogdani\u201d nga kryq\u00ebzimi me rrug\u00ebn \u201cSami Frash\u00ebri\u201d, deri n\u00eb kryq\u00ebzimin me rrug\u00ebn \u201cGjin Bue Shpata\u201d.<\/li>\n<\/ul>\n<div class=\"adGroupWrapper\">\n<div class=\"adWrapperInner\"><\/div>\n<\/div>\n<ol class=\"wp-block-list\" start=\"2\">\n<li><strong>Qarkullimi i automjeteve, mjeteve t\u00eb emergjenc\u00ebs dhe Policis\u00eb s\u00eb Shtetit do t\u00eb b\u00ebhet sipas planit t\u00eb l\u00ebvizjes, si m\u00eb posht\u00eb:<\/strong><\/li>\n<\/ol>\n<ul class=\"wp-block-list\">\n<li>N\u00eb rrug\u00ebn \u201cLek Dukagjini\u201d;<\/li>\n<li>N\u00eb rrug\u00ebn \u201cAbdyl Frash\u00ebri\u201d;<\/li>\n<li>N\u00eb rrug\u00ebn \u201cPapa Gjon Pali II\u201d;<\/li>\n<li>N\u00eb rrug\u00ebn \u201cSami Frash\u00ebri\u201d;<\/li>\n<li>N\u00eb bulevardin \u201cZhan D\u2019Ark;<\/li>\n<li>N\u00eb bulevardin \u201cBajram Curri\u201d;<\/li>\n<li>N\u00eb rrug\u00ebn \u201cMyslym Shyri\u201d;<\/li>\n<li>N\u00eb rrug\u00ebn \u201cAbdi Toptani\u201d.<\/li>\n<\/ul>\n<ol class=\"wp-block-list\" start=\"3\">\n<li><strong>Itinerari i l\u00ebvizjes s\u00eb linjave urbane do t\u00eb vazhdoj l\u00ebvizjen si m\u00eb posht\u00eb:<\/strong><\/li>\n<\/ol>\n<ul class=\"wp-block-list\">\n<li>Linja Nr. 13 \u201cTirana e Re\u201d dhe Linja nr. 2 \u201cTeg \u2013 Sauk i Vjet\u00ebr \u2013 Kopshti Zoologjik \u2013 Ish Stacioni i Trenit\u201d, do t\u00eb devijojn\u00eb tek sheshi \u201cWillson\u201d dhe tek bulevardi \u201cZogu I\u201d.<\/li>\n<\/ul>\n","protected":false},"excerpt":{"rendered":"<p>Sikurse \u00ebsht\u00eb b\u00ebr\u00eb tradit\u00eb, Tirana do t\u00eb mir\u00ebpres\u00eb edhe k\u00ebt\u00eb vit festimet p\u00ebr Dit\u00ebn e Ver\u00ebs. Bashkia e Tiran\u00ebs njofton se devijimi i trafikut do t\u00eb nis\u00eb prej or\u00ebs 12:00 t\u00eb dat\u00ebs 13 mars, deri n\u00eb or\u00ebt e para t\u00eb dat\u00ebs 15 mars. Po ashtu, Bashkia e Tiran\u00ebs b\u00ebn me dije se jan\u00eb planifikuar nj\u00eb [&hellip;]<\/p>\n","protected":false},"author":1,"featured_media":2486,"comment_status":"open","ping_status":"open","sticky":false,"template":"","format":"standard","meta":{"jnews-multi-image_gallery":[],"jnews_single_post":{"subtitle":"","format":"standard","override":[{"template":"1","parallax":"1","fullscreen":"1","layout":"right-sidebar","sidebar":"default-sidebar","second_sidebar":"default-sidebar","sticky_sidebar":"1","share_position":"top","share_float_style":"share-monocrhome","show_share_counter":"1","show_view_counter":"1","show_featured":"1","show_post_meta":"1","show_post_author":"1","show_post_author_image":"1","show_post_date":"1","post_date_format":"default","post_date_format_custom":"Y\/m\/d","show_post_category":"1","show_post_reading_time":"0","post_reading_time_wpm":"300","post_calculate_word_method":"str_word_count","show_zoom_button":"0","zoom_button_out_step":"2","zoom_button_in_step":"3","show_post_tag":"1","show_popup_post":"1","show_comment_section":"1","number_popup_post":"1","show_author_box":"1","show_post_related":"0","show_inline_post_related":"0"}],"image_override":[{"single_post_thumbnail_size":"crop-715","single_post_gallery_size":"crop-500"}],"trending_post_position":"meta","trending_post_label":"Trending","sponsored_post_label":"Sponsored by","disable_ad":"0"},"jnews_primary_category":[],"jnews_social_meta":[],"jnews_override_counter":{"view_counter_number":"0","share_counter_number":"0","like_counter_number":"0","dislike_counter_number":"0"},"jnews_post_split":{"post_split":[{"template":"1","tag":"h2","numbering":"asc","mode":"normal","first":"0","enable_toc":"0","toc_type":"normal"}]},"footnotes":""},"categories":[83],"tags":[],"class_list":["post-2485","post","type-post","status-publish","format-standard","has-post-thumbnail","hentry","category-lajme"],"_links":{"self":[{"href":"https:\/\/shetshqip.com\/index.php?rest_route=\/wp\/v2\/posts\/2485","targetHints":{"allow":["GET"]}}],"collection":[{"href":"https:\/\/shetshqip.com\/index.php?rest_route=\/wp\/v2\/posts"}],"about":[{"href":"https:\/\/shetshqip.com\/index.php?rest_route=\/wp\/v2\/types\/post"}],"author":[{"embeddable":true,"href":"https:\/\/shetshqip.com\/index.php?rest_route=\/wp\/v2\/users\/1"}],"replies":[{"embeddable":true,"href":"https:\/\/shetshqip.com\/index.php?rest_route=%2Fwp%2Fv2%2Fcomments&post=2485"}],"version-history":[{"count":1,"href":"https:\/\/shetshqip.com\/index.php?rest_route=\/wp\/v2\/posts\/2485\/revisions"}],"predecessor-version":[{"id":2487,"href":"https:\/\/shetshqip.com\/index.php?rest_route=\/wp\/v2\/posts\/2485\/revisions\/2487"}],"wp:featuredmedia":[{"embeddable":true,"href":"https:\/\/shetshqip.com\/index.php?rest_route=\/wp\/v2\/media\/2486"}],"wp:attachment":[{"href":"https:\/\/shetshqip.com\/index.php?rest_route=%2Fwp%2Fv2%2Fmedia&parent=2485"}],"wp:term":[{"taxonomy":"category","embeddable":true,"href":"https:\/\/shetshqip.com\/index.php?rest_route=%2Fwp%2Fv2%2Fcategories&post=2485"},{"taxonomy":"post_tag","embeddable":true,"href":"https:\/\/shetshqip.com\/index.php?rest_route=%2Fwp%2Fv2%2Ftags&post=2485"}],"curies":[{"name":"wp","href":"https:\/\/api.w.org\/{rel}","templated":true}]}}