{"id":2482,"date":"2026-03-09T12:53:01","date_gmt":"2026-03-09T12:53:01","guid":{"rendered":"https:\/\/shetshqip.com\/?p=2482"},"modified":"2026-03-09T12:53:01","modified_gmt":"2026-03-09T12:53:01","slug":"miroslaw-adamczyk-nunci-i-ri-apostolik-ne-shqiperi","status":"publish","type":"post","link":"https:\/\/shetshqip.com\/?p=2482","title":{"rendered":"Miros\u0142aw Adamczyk, Nunci i ri Apostolik n\u00eb Shqip\u00ebri"},"content":{"rendered":"<p>Presidenti Begaj pranoi Letrat Kredenciale t\u00eb Nuncit t\u00eb ri Apostolik n\u00eb Shqip\u00ebri, Imzot Miros\u0142aw Adamczyk, duke i uruar suksese n\u00eb p\u00ebrmbushjen e misionit t\u00eb tij diplomatik n\u00eb vendin ton\u00eb. N\u00eb takim u vler\u00ebsuan marr\u00ebdh\u00ebniet e shk\u00eblqyera mes pal\u00ebve, t\u00eb konfirmuara edhe nga vizitat e nivelit t\u00eb lart\u00eb, teksa u shpreh vullneti i p\u00ebrbashk\u00ebt p\u00ebr t\u00eb \u00e7uar m\u00eb tej bashk\u00ebpunimin dhe miq\u00ebsin\u00eb midis Shqip\u00ebris\u00eb dhe Selis\u00eb s\u00eb Shenjt\u00eb.<\/p>\n<p>Kreu i Shtetit theksoi, nd\u00ebr t\u00eb tjera, se bashk\u00ebpunimi mes Shqip\u00ebris\u00eb dhe Vatikanit shkon p\u00ebrtej raporteve institucionale.<\/p>\n<p><em>\u201cArritjet n\u00eb marr\u00ebdh\u00ebniet dypal\u00ebshe jan\u00eb nj\u00eb baz\u00eb e fort\u00eb p\u00ebr intensifikimin e m\u00ebtejsh\u00ebm t\u00eb lidhjeve tona n\u00eb t\u00eb ardhmen, si dhe n\u00eb promovimin e m\u00ebtejsh\u00ebm t\u00eb harmonis\u00eb fetare\u201d,<\/em>\u00a0u shpreh Presidenti Begaj n\u00eb bised\u00ebn me Nuncin Apostolik Miros\u0142aw Adamczyk.<\/p>\n<p>Duke iu referuar marr\u00ebdh\u00ebnieve shum\u00eb t\u00eb mira t\u00eb shtetit shqiptar me komunitetin katolik n\u00eb Shqip\u00ebri, Presidenti i Republik\u00ebs theksoi se nj\u00eb klim\u00eb e till\u00eb bashk\u00ebpunimi \u00ebsht\u00eb thelb\u00ebsore dhe se k\u00ebto marr\u00ebdh\u00ebnie jan\u00eb n\u00eb funksion t\u00eb kohezionit midis institucioneve publike, atyre fetare, si edhe komunitetit.<\/p>\n<p>Kreu i Shtetit i p\u00ebrcolli Nuncit Apostolik fal\u00ebnderime p\u00ebr q\u00ebndrimet e mbajtura nga Vatikani p\u00ebr \u00e7\u00ebshtjen shqiptare, ve\u00e7an\u00ebrisht ndaj Kosov\u00ebs, duke rikonfirmuar d\u00ebshir\u00ebn p\u00ebr njohjen e k\u00ebtij shteti nga Selia e Shenjt\u00eb si nj\u00eb kontribut p\u00ebr sigurin\u00eb dhe paqen e q\u00ebndrueshme n\u00eb Ballkan.<\/p>\n<p>&nbsp;<\/p>\n","protected":false},"excerpt":{"rendered":"<p>Presidenti Begaj pranoi Letrat Kredenciale t\u00eb Nuncit t\u00eb ri Apostolik n\u00eb Shqip\u00ebri, Imzot Miros\u0142aw Adamczyk, duke i uruar suksese n\u00eb p\u00ebrmbushjen e misionit t\u00eb tij diplomatik n\u00eb vendin ton\u00eb. N\u00eb takim u vler\u00ebsuan marr\u00ebdh\u00ebniet e shk\u00eblqyera mes pal\u00ebve, t\u00eb konfirmuara edhe nga vizitat e nivelit t\u00eb lart\u00eb, teksa u shpreh vullneti i p\u00ebrbashk\u00ebt p\u00ebr t\u00eb [&hellip;]<\/p>\n","protected":false},"author":1,"featured_media":2483,"comment_status":"open","ping_status":"open","sticky":false,"template":"","format":"standard","meta":{"jnews-multi-image_gallery":[],"jnews_single_post":{"subtitle":"","format":"standard","override":[{"template":"1","parallax":"1","fullscreen":"1","layout":"right-sidebar","sidebar":"default-sidebar","second_sidebar":"default-sidebar","sticky_sidebar":"1","share_position":"top","share_float_style":"share-monocrhome","show_share_counter":"1","show_view_counter":"1","show_featured":"1","show_post_meta":"1","show_post_author":"1","show_post_author_image":"1","show_post_date":"1","post_date_format":"default","post_date_format_custom":"Y\/m\/d","show_post_category":"1","show_post_reading_time":"0","post_reading_time_wpm":"300","post_calculate_word_method":"str_word_count","show_zoom_button":"0","zoom_button_out_step":"2","zoom_button_in_step":"3","show_post_tag":"1","show_popup_post":"1","show_comment_section":"1","number_popup_post":"1","show_author_box":"1","show_post_related":"0","show_inline_post_related":"0"}],"image_override":[{"single_post_thumbnail_size":"crop-715","single_post_gallery_size":"crop-500"}],"trending_post_position":"meta","trending_post_label":"Trending","sponsored_post_label":"Sponsored by","disable_ad":"0"},"jnews_primary_category":[],"jnews_social_meta":[],"jnews_override_counter":{"view_counter_number":"0","share_counter_number":"0","like_counter_number":"0","dislike_counter_number":"0"},"jnews_post_split":{"post_split":[{"template":"1","tag":"h2","numbering":"asc","mode":"normal","first":"0","enable_toc":"0","toc_type":"normal"}]},"footnotes":""},"categories":[83],"tags":[],"class_list":["post-2482","post","type-post","status-publish","format-standard","has-post-thumbnail","hentry","category-lajme"],"_links":{"self":[{"href":"https:\/\/shetshqip.com\/index.php?rest_route=\/wp\/v2\/posts\/2482","targetHints":{"allow":["GET"]}}],"collection":[{"href":"https:\/\/shetshqip.com\/index.php?rest_route=\/wp\/v2\/posts"}],"about":[{"href":"https:\/\/shetshqip.com\/index.php?rest_route=\/wp\/v2\/types\/post"}],"author":[{"embeddable":true,"href":"https:\/\/shetshqip.com\/index.php?rest_route=\/wp\/v2\/users\/1"}],"replies":[{"embeddable":true,"href":"https:\/\/shetshqip.com\/index.php?rest_route=%2Fwp%2Fv2%2Fcomments&post=2482"}],"version-history":[{"count":1,"href":"https:\/\/shetshqip.com\/index.php?rest_route=\/wp\/v2\/posts\/2482\/revisions"}],"predecessor-version":[{"id":2484,"href":"https:\/\/shetshqip.com\/index.php?rest_route=\/wp\/v2\/posts\/2482\/revisions\/2484"}],"wp:featuredmedia":[{"embeddable":true,"href":"https:\/\/shetshqip.com\/index.php?rest_route=\/wp\/v2\/media\/2483"}],"wp:attachment":[{"href":"https:\/\/shetshqip.com\/index.php?rest_route=%2Fwp%2Fv2%2Fmedia&parent=2482"}],"wp:term":[{"taxonomy":"category","embeddable":true,"href":"https:\/\/shetshqip.com\/index.php?rest_route=%2Fwp%2Fv2%2Fcategories&post=2482"},{"taxonomy":"post_tag","embeddable":true,"href":"https:\/\/shetshqip.com\/index.php?rest_route=%2Fwp%2Fv2%2Ftags&post=2482"}],"curies":[{"name":"wp","href":"https:\/\/api.w.org\/{rel}","templated":true}]}}