{"id":2467,"date":"2026-03-04T12:03:30","date_gmt":"2026-03-04T12:03:30","guid":{"rendered":"https:\/\/shetshqip.com\/?p=2467"},"modified":"2026-03-04T12:03:30","modified_gmt":"2026-03-04T12:03:30","slug":"nje-histori-me-dy-reforma","status":"publish","type":"post","link":"https:\/\/shetshqip.com\/?p=2467","title":{"rendered":"Nj\u00eb histori me dy reforma!"},"content":{"rendered":"<div class=\"entry-content px-2 px-sm-3\">\n<p>Kolegji i Posa\u00e7em i Apelimit Pritet te b\u00ebj\u00eb Drejt\u00ebsi p\u00ebr Gjyqtaren Elbana Lluri.<\/p>\n<p>N\u00eb koh\u00ebn kur togfjal\u00ebshi \u201c Reforma n\u00eb Drejt\u00ebsi, Sukses apo D\u00ebshtim\u201d ka z\u00ebn\u00eb radh\u00ebt e para t\u00eb mediave dit\u00ebt e fundit, pata rastin t\u00eb shoh se Kolegji i Posac\u00ebm i Apelimit kishte parashikuar n\u00eb kalendarin e tij, nj\u00eb k\u00ebrkes\u00eb p\u00ebr rishikimin e vendimit t\u00eb ish-gjyqtares s\u00eb Apelit Elbana Lluri. Historia e saj \u00ebsht\u00eb diskutuar jo pak n\u00eb rrethet e jurist\u00ebve, pasi p\u00ebrb\u00ebnte rastin e vet\u00ebm kur p\u00ebr t\u00eb nj\u00ebjt\u00ebn pasuri, dy subjekte rivler\u00ebsimi pat\u00ebn rezultat totalisht t\u00eb kund\u00ebrt nga Kolegji i Posac\u00ebm i Apelimit. Gjyqtarja n\u00eb fjal\u00eb, n\u00eb nj\u00eb vendim me shumic\u00eb votash u shkarkua nga detyra, n\u00eb nj\u00eb koh\u00eb q\u00eb n\u00eb t\u00eb nj\u00ebjt\u00ebn dit\u00eb, ish-bashk\u00ebshorti i saj u konfirmua si gjyqtar po nga i nj\u00ebjti Kolegj<\/p>\n<p>Q\u00eb reforma n\u00eb drejt\u00ebsi do t\u00eb kishte edhe vendime t\u00eb diskutueshme, k\u00ebt\u00eb gjithkush duhet ta pranoj\u00eb dhe ky perfundim tashme eshte nje fakt. Por, rasti n\u00eb fjal\u00eb, solli nj\u00eb mori diskutimesh edhe mediatike, p\u00ebr sa koh\u00eb q\u00eb t\u00eb dy k\u00ebta gjyqtar\u00eb u vler\u00ebsuan me vendime diametralisht t\u00eb kund\u00ebrta, mbi t\u00eb nj\u00ebjtat fakte e prova. Ndaj, kur n\u00eb kalendar pash\u00eb se ky kolegj do t\u00eb rishqyrtonte k\u00ebrkes\u00ebn e saj p\u00ebr rishikimin e vendimit t\u00eb dh\u00ebn\u00eb, besova se ka ardhur momenti q\u00eb KPA t\u00eb ket\u00eb mund\u00ebsin\u00eb t\u00eb b\u00ebj\u00eb Drejt\u00ebsi ndaj historis\u00eb s\u00eb trishte t\u00eb vendimit t\u00eb dh\u00ebn\u00eb ndaj k\u00ebsaj gjyqtareje.<\/p>\n<p>Kolegji i Posa\u00e7\u00ebm i Apelimit kryesuar nga znj.Ina Rama dhe an\u00ebtaret z.Sokol \u00c7omo, znj.Rezarta Schuetz, znj.Natasha Mulaj dhe znj.Albana Shtylla, kane caktuar daten 11 Mars 2026 p\u00ebr rishikimin e vendimit te dates 06.07.2022 per Gjyqtaren Elbana Lluri, sipas legjislacionit ne fuqi i cili p\u00ebrcakton n\u00eb menyre eksplicite q\u00eb rishikimi i nj\u00eb vendimi t\u00eb form\u00ebs s\u00eb prer\u00eb te behet nga e nj\u00ebjta trup\u00eb gjykuese.<\/p>\n<p>Ky rishikim i referuar ne ligj, vjen pas argumentimit bind\u00ebs s\u00eb pal\u00ebs s\u00eb interesuar dhe reflektimit objektiv t\u00eb trup\u00ebs gjykuese, n\u00eb prova e fakte t\u00eb bazuara ne parimin e proporcionalitetit t\u00eb precedentit te ndjekur m\u00eb pare p\u00ebr raste analoge proceduriale.<\/p>\n<p>Gjyqtarja e Apelit Elbana Lluri me dy dekada eksperienc\u00eb n\u00eb gjyq\u00ebsor, u kualifikua nga Komisioni i Pavarur i Kualifikimit me vot\u00eb unanime n\u00eb favor t\u00eb saj, si p\u00ebr past\u00ebrtin\u00eb e figur\u00ebs, p\u00ebrgatitjes s\u00eb lart\u00eb profesionale ashtu edhe sa i takon kriterit pasuror dhe u rrezua nga Kolegji i Posa\u00e7\u00ebm i Apelimit me nj\u00eb rezultat t\u00eb ngusht\u00eb tre me dy, n\u00eb nj\u00eb koh\u00eb q\u00eb ish-bashk\u00ebshorti i saj p\u00ebr t\u00eb nj\u00ebjtat pasuri, u konfirmua n\u00eb detyr\u00eb.<\/p>\n<p>Pritet q\u00eb k\u00ebsaj here Kolegji i Posa\u00e7em i Apelimit t\u2019i jap\u00eb Drejt\u00ebsi Gjyqtares Elbana Lluri, n\u00eb m\u00ebnyr\u00eb q\u00eb t\u00eb mos shkruhet m\u00eb n\u00eb t\u00eb ardhmen: Nj\u00eb histori me dy reforma!<\/p>\n<\/div>\n","protected":false},"excerpt":{"rendered":"<p>Kolegji i Posa\u00e7em i Apelimit Pritet te b\u00ebj\u00eb Drejt\u00ebsi p\u00ebr Gjyqtaren Elbana Lluri. N\u00eb koh\u00ebn kur togfjal\u00ebshi \u201c Reforma n\u00eb Drejt\u00ebsi, Sukses apo D\u00ebshtim\u201d ka z\u00ebn\u00eb radh\u00ebt e para t\u00eb mediave dit\u00ebt e fundit, pata rastin t\u00eb shoh se Kolegji i Posac\u00ebm i Apelimit kishte parashikuar n\u00eb kalendarin e tij, nj\u00eb k\u00ebrkes\u00eb p\u00ebr rishikimin e [&hellip;]<\/p>\n","protected":false},"author":1,"featured_media":2468,"comment_status":"open","ping_status":"open","sticky":false,"template":"","format":"standard","meta":{"jnews-multi-image_gallery":[],"jnews_single_post":{"subtitle":"","format":"standard","override":[{"template":"1","parallax":"1","fullscreen":"1","layout":"right-sidebar","sidebar":"default-sidebar","second_sidebar":"default-sidebar","sticky_sidebar":"1","share_position":"top","share_float_style":"share-monocrhome","show_share_counter":"1","show_view_counter":"1","show_featured":"1","show_post_meta":"1","show_post_author":"1","show_post_author_image":"1","show_post_date":"1","post_date_format":"default","post_date_format_custom":"Y\/m\/d","show_post_category":"1","show_post_reading_time":"0","post_reading_time_wpm":"300","post_calculate_word_method":"str_word_count","show_zoom_button":"0","zoom_button_out_step":"2","zoom_button_in_step":"3","show_post_tag":"1","show_popup_post":"1","show_comment_section":"1","number_popup_post":"1","show_author_box":"1","show_post_related":"0","show_inline_post_related":"0"}],"image_override":[{"single_post_thumbnail_size":"crop-715","single_post_gallery_size":"crop-500"}],"trending_post_position":"meta","trending_post_label":"Trending","sponsored_post_label":"Sponsored by","disable_ad":"0"},"jnews_primary_category":[],"jnews_social_meta":[],"jnews_override_counter":{"view_counter_number":"0","share_counter_number":"0","like_counter_number":"0","dislike_counter_number":"0"},"jnews_post_split":{"post_split":[{"template":"1","tag":"h2","numbering":"asc","mode":"normal","first":"0","enable_toc":"0","toc_type":"normal"}]},"footnotes":""},"categories":[127],"tags":[],"class_list":["post-2467","post","type-post","status-publish","format-standard","has-post-thumbnail","hentry","category-politike"],"_links":{"self":[{"href":"https:\/\/shetshqip.com\/index.php?rest_route=\/wp\/v2\/posts\/2467","targetHints":{"allow":["GET"]}}],"collection":[{"href":"https:\/\/shetshqip.com\/index.php?rest_route=\/wp\/v2\/posts"}],"about":[{"href":"https:\/\/shetshqip.com\/index.php?rest_route=\/wp\/v2\/types\/post"}],"author":[{"embeddable":true,"href":"https:\/\/shetshqip.com\/index.php?rest_route=\/wp\/v2\/users\/1"}],"replies":[{"embeddable":true,"href":"https:\/\/shetshqip.com\/index.php?rest_route=%2Fwp%2Fv2%2Fcomments&post=2467"}],"version-history":[{"count":1,"href":"https:\/\/shetshqip.com\/index.php?rest_route=\/wp\/v2\/posts\/2467\/revisions"}],"predecessor-version":[{"id":2469,"href":"https:\/\/shetshqip.com\/index.php?rest_route=\/wp\/v2\/posts\/2467\/revisions\/2469"}],"wp:featuredmedia":[{"embeddable":true,"href":"https:\/\/shetshqip.com\/index.php?rest_route=\/wp\/v2\/media\/2468"}],"wp:attachment":[{"href":"https:\/\/shetshqip.com\/index.php?rest_route=%2Fwp%2Fv2%2Fmedia&parent=2467"}],"wp:term":[{"taxonomy":"category","embeddable":true,"href":"https:\/\/shetshqip.com\/index.php?rest_route=%2Fwp%2Fv2%2Fcategories&post=2467"},{"taxonomy":"post_tag","embeddable":true,"href":"https:\/\/shetshqip.com\/index.php?rest_route=%2Fwp%2Fv2%2Ftags&post=2467"}],"curies":[{"name":"wp","href":"https:\/\/api.w.org\/{rel}","templated":true}]}}