{"id":2423,"date":"2026-02-25T07:33:11","date_gmt":"2026-02-25T07:33:11","guid":{"rendered":"https:\/\/shetshqip.com\/?p=2423"},"modified":"2026-02-25T07:33:11","modified_gmt":"2026-02-25T07:33:11","slug":"stella-stellina-ermal-meta-prek-me-kengen-ne-sanremo-u-dedikohet-femijeve-ne-gaza","status":"publish","type":"post","link":"https:\/\/shetshqip.com\/?p=2423","title":{"rendered":"\u2018Stella Stellina\u2019, Ermal Meta prek me k\u00ebng\u00ebn n\u00eb Sanremo, u dedikohet f\u00ebmij\u00ebve n\u00eb Gaza"},"content":{"rendered":"<p>I magjepsur nga shikimi i nj\u00eb vajze t\u00eb vog\u00ebl nga Gaza dhe i frym\u00ebzuar nga nj\u00eb ninull\u00eb p\u00ebr vajz\u00ebn e tij,\u00a0Ermal Meta\u00a0u ngjit mbr\u00ebm\u00eb n\u00eb Festivalin e Sanremos 2026 me k\u00ebng\u00ebn \u201cStella Stellina\u201d.<\/p>\n<p>Stella Stellina&#8221; \u00ebsht\u00eb nj\u00eb k\u00ebng\u00eb p\u00ebr t\u00eb gjitha f\u00ebmij\u00ebt e shkat\u00ebrruar nga lufta. Nj\u00eb melodi e \u00ebmb\u00ebl q\u00eb bie ndesh me ashp\u00ebrsin\u00eb e tem\u00ebs s\u00eb luft\u00ebs.<\/p>\n<p>Ajo q\u00eb ra n\u00eb sy gjat\u00eb performanc\u00ebs, ishte emri \u2018Amal\u2019 i q\u00ebnndisur n\u00eb jak\u00ebn e k\u00ebmish\u00ebs s\u00eb tij. Amal nuk \u00ebsht\u00eb vet\u00ebm nj\u00eb vajz\u00eb e vog\u00ebl, por nj\u00eb em\u00ebr q\u00eb b\u00ebhet simbol i viktimave t\u00eb vogla t\u00eb pafajshme t\u00eb Gaz\u00ebs.<\/p>\n<p>N\u00eb rrjetet\u00a0sociale, kantautori shpjegon: \u201cProtagonistja e &#8216;Stella Stellina&#8217; \u00ebsht\u00eb nj\u00eb vajz\u00eb e vog\u00ebl pa em\u00ebr, por ndoshta i ka t\u00eb gjith\u00eb emrat. Aysha, Amal, Layla, Nour, Hind, kujt i intereson, ndoshta asgj\u00eb, ndoshta gjith\u00e7ka. Bija t\u00eb askujt, bija t\u00eb t\u00eb gjith\u00ebve.\u201d<\/p>\n<p>Kjo nuk \u00ebsht\u00eb hera e par\u00eb q\u00eb artisti i njohur trajton tema t\u00eb ndjeshme n\u00eb k\u00ebng\u00ebt e tij. Pas &#8220;Vietato morire&#8221;, kushtuar dhun\u00ebs n\u00eb familje, dhe fitores s\u00eb tij n\u00eb Festivalin e Sanremos 2018 p\u00ebrkrah Fabrizio Moros me &#8220;Non mi avete fatto niente&#8221;, ai \u00ebsht\u00eb rikthyer me nj\u00eb k\u00ebng\u00eb q\u00eb prek nj\u00eb tem\u00eb t\u00eb ashp\u00ebr n\u00eb \u00e7\u00ebshtjet aktuale<\/p>\n","protected":false},"excerpt":{"rendered":"<p>I magjepsur nga shikimi i nj\u00eb vajze t\u00eb vog\u00ebl nga Gaza dhe i frym\u00ebzuar nga nj\u00eb ninull\u00eb p\u00ebr vajz\u00ebn e tij,\u00a0Ermal Meta\u00a0u ngjit mbr\u00ebm\u00eb n\u00eb Festivalin e Sanremos 2026 me k\u00ebng\u00ebn \u201cStella Stellina\u201d. Stella Stellina&#8221; \u00ebsht\u00eb nj\u00eb k\u00ebng\u00eb p\u00ebr t\u00eb gjitha f\u00ebmij\u00ebt e shkat\u00ebrruar nga lufta. Nj\u00eb melodi e \u00ebmb\u00ebl q\u00eb bie ndesh me ashp\u00ebrsin\u00eb [&hellip;]<\/p>\n","protected":false},"author":1,"featured_media":2424,"comment_status":"open","ping_status":"open","sticky":false,"template":"","format":"standard","meta":{"jnews-multi-image_gallery":[],"jnews_single_post":{"subtitle":"","format":"standard","override":[{"template":"1","parallax":"1","fullscreen":"1","layout":"right-sidebar","sidebar":"default-sidebar","second_sidebar":"default-sidebar","sticky_sidebar":"1","share_position":"top","share_float_style":"share-monocrhome","show_share_counter":"1","show_view_counter":"1","show_featured":"1","show_post_meta":"1","show_post_author":"1","show_post_author_image":"1","show_post_date":"1","post_date_format":"default","post_date_format_custom":"Y\/m\/d","show_post_category":"1","show_post_reading_time":"0","post_reading_time_wpm":"300","post_calculate_word_method":"str_word_count","show_zoom_button":"0","zoom_button_out_step":"2","zoom_button_in_step":"3","show_post_tag":"1","show_popup_post":"1","show_comment_section":"1","number_popup_post":"1","show_author_box":"1","show_post_related":"0","show_inline_post_related":"0"}],"image_override":[{"single_post_thumbnail_size":"crop-715","single_post_gallery_size":"crop-500"}],"trending_post_position":"meta","trending_post_label":"Trending","sponsored_post_label":"Sponsored by","disable_ad":"0"},"jnews_primary_category":[],"jnews_social_meta":[],"jnews_override_counter":{"view_counter_number":"0","share_counter_number":"0","like_counter_number":"0","dislike_counter_number":"0"},"jnews_post_split":{"post_split":[{"template":"1","tag":"h2","numbering":"asc","mode":"normal","first":"0","enable_toc":"0","toc_type":"normal"}]},"footnotes":""},"categories":[84],"tags":[],"class_list":["post-2423","post","type-post","status-publish","format-standard","has-post-thumbnail","hentry","category-showbiz"],"_links":{"self":[{"href":"https:\/\/shetshqip.com\/index.php?rest_route=\/wp\/v2\/posts\/2423","targetHints":{"allow":["GET"]}}],"collection":[{"href":"https:\/\/shetshqip.com\/index.php?rest_route=\/wp\/v2\/posts"}],"about":[{"href":"https:\/\/shetshqip.com\/index.php?rest_route=\/wp\/v2\/types\/post"}],"author":[{"embeddable":true,"href":"https:\/\/shetshqip.com\/index.php?rest_route=\/wp\/v2\/users\/1"}],"replies":[{"embeddable":true,"href":"https:\/\/shetshqip.com\/index.php?rest_route=%2Fwp%2Fv2%2Fcomments&post=2423"}],"version-history":[{"count":1,"href":"https:\/\/shetshqip.com\/index.php?rest_route=\/wp\/v2\/posts\/2423\/revisions"}],"predecessor-version":[{"id":2425,"href":"https:\/\/shetshqip.com\/index.php?rest_route=\/wp\/v2\/posts\/2423\/revisions\/2425"}],"wp:featuredmedia":[{"embeddable":true,"href":"https:\/\/shetshqip.com\/index.php?rest_route=\/wp\/v2\/media\/2424"}],"wp:attachment":[{"href":"https:\/\/shetshqip.com\/index.php?rest_route=%2Fwp%2Fv2%2Fmedia&parent=2423"}],"wp:term":[{"taxonomy":"category","embeddable":true,"href":"https:\/\/shetshqip.com\/index.php?rest_route=%2Fwp%2Fv2%2Fcategories&post=2423"},{"taxonomy":"post_tag","embeddable":true,"href":"https:\/\/shetshqip.com\/index.php?rest_route=%2Fwp%2Fv2%2Ftags&post=2423"}],"curies":[{"name":"wp","href":"https:\/\/api.w.org\/{rel}","templated":true}]}}