{"id":2385,"date":"2026-02-23T09:51:58","date_gmt":"2026-02-23T09:51:58","guid":{"rendered":"https:\/\/shetshqip.com\/?p=2385"},"modified":"2026-02-23T09:51:58","modified_gmt":"2026-02-23T09:51:58","slug":"aktivistet-vendosin-foton-e-ish-princit-andrew-pas-arrestimit-ne-muzeun-e-luvrit-keshtu-do-te-mbahet-mend-nga-bota","status":"publish","type":"post","link":"https:\/\/shetshqip.com\/?p=2385","title":{"rendered":"Aktivist\u00ebt vendosin foton e ish-princit Andrew pas arrestimit n\u00eb muzeun e Luvrit: K\u00ebshtu do t\u00eb mbahet mend nga bota!"},"content":{"rendered":"<p><strong>Aktivist\u00eb kan\u00eb vendosur nj\u00eb foto t\u00eb princit Andrew n\u00eb Muzeun e Luvrit n\u00eb Paris, p\u00ebr t\u00eb treguar ish-duk\u00ebs \u201csi do ta mbaj\u00eb mend bota\u201d pas arrestimit t\u00eb tij.<\/strong><\/p>\n<p><a href=\"https:\/\/www.panorama.com.al\/wp-content\/uploads\/2026\/02\/andrew___2_.jpg\"><img fetchpriority=\"high\" decoding=\"async\" class=\"aligncenter size-full wp-image-1625884\" src=\"https:\/\/www.panorama.com.al\/wp-content\/uploads\/2026\/02\/andrew___2_.jpg\" alt=\"andrew___2_\" width=\"1360\" height=\"906\" \/><\/a><\/p>\n<p>T\u00eb diel\u00ebn, grupi britanik anti-miliarder me emrin \u201cEveryone Hates Elon (T\u00eb gjith\u00eb urrejn\u00eb Elon)\u201d var\u00ebn foton n\u00eb nj\u00eb mur t\u00eb muzeut francez.<\/p>\n<div><ins id=\"revive-0-33\" data-revive-zoneid=\"1084\" data-revive-id=\"0a5067886004a72d5b41c8f4bd9c2af9\" data-revive-seq=\"33\" data-revive-loaded=\"1\"><\/p>\n<div id=\"beacon_12b2cd953d\"><img decoding=\"async\" src=\"https:\/\/ads2.panorama.com.al\/www\/delivery\/lg.php?bannerid=0&amp;campaignid=0&amp;zoneid=1084&amp;loc=https%3A%2F%2Fwww.panorama.com.al%2Faktivistet-vendosin-foton-e-ish-princit-andrew-pas-arrestimit-ne-muzeun-e-luvrit-keshtu-do-te-mbahet-mend-nga-bota%2F&amp;referer=https%3A%2F%2Fl.facebook.com%2F&amp;cb=12b2cd953d\" alt=\"\" width=\"0\" height=\"0\" \/><\/div>\n<p><\/ins><\/div>\n<p>N\u00ebn korniz\u00ebn e fotos, grupi vendosi nj\u00eb mbishkrim me titullin:<em>\u00a0\u201cTani po djersitet\u201d<\/em>. Fotoja tregon nj\u00eb nga momentet m\u00eb ikonike t\u00eb fundit, me princin Andrew t\u00eb ulur i rraskapitur n\u00eb sediljen e pasme t\u00eb nj\u00eb Range Rover pas daljes nga stacioni policor i Norfolk.<\/p>\n<p><a href=\"https:\/\/www.panorama.com.al\/wp-content\/uploads\/2026\/02\/andrew-louvree.jpg\"><img decoding=\"async\" class=\"aligncenter size-full wp-image-1626697\" src=\"https:\/\/www.panorama.com.al\/wp-content\/uploads\/2026\/02\/andrew-louvree.jpg\" alt=\"andrew louvree\" width=\"487\" height=\"785\" \/><\/a><\/p>\n<p>N\u00eb Instagram, grupi ndau nj\u00eb video ku tregonte vendosjen e fotos, me mbishkrimin:\u00a0<em>\u201cThan\u00eb \u2018Vareni at\u00eb n\u00eb Luv\u00ebr\u2019. Dhe kjo b\u00ebm\u00eb.\u201d<\/em>\u00a0 Fotoja u hoq 15 minuta m\u00eb von\u00eb nga stafi i Luvrit.<\/p>\n<p><em>\u201cD\u00ebshiruam t\u2019i tregojm\u00eb ish-princit Andrew si do t\u00eb mbahet mend nga publiku, duke vendosur k\u00ebt\u00eb foto ikonike t\u00eb arrestimit t\u00eb tij n\u00eb Luv\u00ebr\u201d<\/em>, tha grupi p\u00ebr Reuters, duke shtuar:\u00a0<em>\u201cShpresojm\u00eb q\u00eb kjo t\u00eb jet\u00eb vet\u00ebm fillimi. Drejt\u00ebsi p\u00ebr t\u00eb gjith\u00eb mbijetuesit e Epstein.\u201d<\/em><\/p>\n<div><ins id=\"revive-0-34\" data-revive-zoneid=\"1015\" data-revive-id=\"0a5067886004a72d5b41c8f4bd9c2af9\" data-revive-seq=\"34\" data-revive-loaded=\"1\"><\/p>\n<div id=\"beacon_e5101d1656\"><img loading=\"lazy\" decoding=\"async\" src=\"https:\/\/ads2.panorama.com.al\/www\/delivery\/lg.php?bannerid=0&amp;campaignid=0&amp;zoneid=1015&amp;loc=https%3A%2F%2Fwww.panorama.com.al%2Faktivistet-vendosin-foton-e-ish-princit-andrew-pas-arrestimit-ne-muzeun-e-luvrit-keshtu-do-te-mbahet-mend-nga-bota%2F&amp;referer=https%3A%2F%2Fl.facebook.com%2F&amp;cb=e5101d1656\" alt=\"\" width=\"0\" height=\"0\" \/><\/div>\n<p><\/ins><\/div>\n<p><a href=\"https:\/\/www.panorama.com.al\/wp-content\/uploads\/2026\/02\/andreww.jpg\"><img loading=\"lazy\" decoding=\"async\" class=\"aligncenter size-full wp-image-1626694\" src=\"https:\/\/www.panorama.com.al\/wp-content\/uploads\/2026\/02\/andreww.jpg\" alt=\"andreww\" width=\"774\" height=\"608\" \/><\/a><\/p>\n","protected":false},"excerpt":{"rendered":"<p>Aktivist\u00eb kan\u00eb vendosur nj\u00eb foto t\u00eb princit Andrew n\u00eb Muzeun e Luvrit n\u00eb Paris, p\u00ebr t\u00eb treguar ish-duk\u00ebs \u201csi do ta mbaj\u00eb mend bota\u201d pas arrestimit t\u00eb tij. T\u00eb diel\u00ebn, grupi britanik anti-miliarder me emrin \u201cEveryone Hates Elon (T\u00eb gjith\u00eb urrejn\u00eb Elon)\u201d var\u00ebn foton n\u00eb nj\u00eb mur t\u00eb muzeut francez. N\u00ebn korniz\u00ebn e fotos, grupi [&hellip;]<\/p>\n","protected":false},"author":1,"featured_media":2386,"comment_status":"open","ping_status":"open","sticky":false,"template":"","format":"standard","meta":{"jnews-multi-image_gallery":[],"jnews_single_post":{"subtitle":"","format":"standard","override":[{"template":"1","parallax":"1","fullscreen":"1","layout":"right-sidebar","sidebar":"default-sidebar","second_sidebar":"default-sidebar","sticky_sidebar":"1","share_position":"top","share_float_style":"share-monocrhome","show_share_counter":"1","show_view_counter":"1","show_featured":"1","show_post_meta":"1","show_post_author":"1","show_post_author_image":"1","show_post_date":"1","post_date_format":"default","post_date_format_custom":"Y\/m\/d","show_post_category":"1","show_post_reading_time":"0","post_reading_time_wpm":"300","post_calculate_word_method":"str_word_count","show_zoom_button":"0","zoom_button_out_step":"2","zoom_button_in_step":"3","show_post_tag":"1","show_popup_post":"1","show_comment_section":"1","number_popup_post":"1","show_author_box":"1","show_post_related":"0","show_inline_post_related":"0"}],"image_override":[{"single_post_thumbnail_size":"crop-715","single_post_gallery_size":"crop-500"}],"trending_post_position":"meta","trending_post_label":"Trending","sponsored_post_label":"Sponsored by","disable_ad":"0"},"jnews_primary_category":[],"jnews_social_meta":[],"jnews_override_counter":{"view_counter_number":"0","share_counter_number":"0","like_counter_number":"0","dislike_counter_number":"0"},"jnews_post_split":{"post_split":[{"template":"1","tag":"h2","numbering":"asc","mode":"normal","first":"0","enable_toc":"0","toc_type":"normal"}]},"footnotes":""},"categories":[84],"tags":[],"class_list":["post-2385","post","type-post","status-publish","format-standard","has-post-thumbnail","hentry","category-showbiz"],"_links":{"self":[{"href":"https:\/\/shetshqip.com\/index.php?rest_route=\/wp\/v2\/posts\/2385","targetHints":{"allow":["GET"]}}],"collection":[{"href":"https:\/\/shetshqip.com\/index.php?rest_route=\/wp\/v2\/posts"}],"about":[{"href":"https:\/\/shetshqip.com\/index.php?rest_route=\/wp\/v2\/types\/post"}],"author":[{"embeddable":true,"href":"https:\/\/shetshqip.com\/index.php?rest_route=\/wp\/v2\/users\/1"}],"replies":[{"embeddable":true,"href":"https:\/\/shetshqip.com\/index.php?rest_route=%2Fwp%2Fv2%2Fcomments&post=2385"}],"version-history":[{"count":1,"href":"https:\/\/shetshqip.com\/index.php?rest_route=\/wp\/v2\/posts\/2385\/revisions"}],"predecessor-version":[{"id":2393,"href":"https:\/\/shetshqip.com\/index.php?rest_route=\/wp\/v2\/posts\/2385\/revisions\/2393"}],"wp:featuredmedia":[{"embeddable":true,"href":"https:\/\/shetshqip.com\/index.php?rest_route=\/wp\/v2\/media\/2386"}],"wp:attachment":[{"href":"https:\/\/shetshqip.com\/index.php?rest_route=%2Fwp%2Fv2%2Fmedia&parent=2385"}],"wp:term":[{"taxonomy":"category","embeddable":true,"href":"https:\/\/shetshqip.com\/index.php?rest_route=%2Fwp%2Fv2%2Fcategories&post=2385"},{"taxonomy":"post_tag","embeddable":true,"href":"https:\/\/shetshqip.com\/index.php?rest_route=%2Fwp%2Fv2%2Ftags&post=2385"}],"curies":[{"name":"wp","href":"https:\/\/api.w.org\/{rel}","templated":true}]}}