{"id":2365,"date":"2026-02-20T10:06:51","date_gmt":"2026-02-20T10:06:51","guid":{"rendered":"https:\/\/shetshqip.com\/?p=2365"},"modified":"2026-02-20T10:06:51","modified_gmt":"2026-02-20T10:06:51","slug":"sot-35-vite-nga-rrezimi-i-bustit-te-diktatorit-enver-hoxha","status":"publish","type":"post","link":"https:\/\/shetshqip.com\/?p=2365","title":{"rendered":"Sot 35 vite nga rr\u00ebzimi i bustit t\u00eb diktatorit Enver Hoxha"},"content":{"rendered":"<p>Sot p\u00ebrkujtohet 35 vjetori i rr\u00ebzimit t\u00eb shtatores s\u00eb t\u00eb ish-diktatorit\u00a0Enver Hoxha. M\u00eb 20 shkurt t\u00eb vitit 1991 mij\u00ebra qytetar\u00eb u ngrit\u00ebn p\u00ebr t\u00eb shembur simbolin e komunizmit, pak muaj pasi regjimi i vjet\u00ebr q\u00eb po jetonte dit\u00ebt e tij t\u00eb fundit kishte lejuar pluralizmin politik.<\/p>\n<p>Kjo ishte nga ngjarjet m\u00eb t\u00eb spikatura q\u00eb ndikuan n\u00eb r\u00ebnien totale t\u00eb regjimit komunist n\u00eb\u00a0Shqip\u00ebri. Rr\u00ebzimi i bustit t\u00eb diktatorit u nxit nga greva e uris\u00eb e nd\u00ebrmarr\u00eb nga disa qindra student\u00eb p\u00ebr t\u2019i hequr universitetit emrin e tij.<\/p>\n<p>Momenti kur statuja e Enver Hoxh\u00ebs u rr\u00ebzua at\u00eb dit\u00eb t\u00eb ftoht\u00eb shkurti me dhun\u00eb, por edhe q\u00eb u t\u00ebrhoq zvarr\u00eb njihet si akti simbolik i rr\u00ebzimit t\u00eb diktatur\u00ebs. K\u00ebsisoj 20 shkurti \u00ebsht\u00eb caktuar si Dita e Kujtes\u00ebs Komb\u00ebtare p\u00ebr martir\u00ebt dhe viktimat e regjimit komunist. Kjo sh\u00ebnoi edhe fundin e diktatur\u00ebs n\u00eb Shqip\u00ebri.<\/p>\n<div class=\"ads_desktop\"><ins id=\"revive-0-3\" data-revive-zoneid=\"130\" data-revive-id=\"eb7e5be5383550d1c26fa0ba6b393750\" data-revive-seq=\"3\" data-revive-loaded=\"1\"><\/p>\n<div id=\"beacon_432599f3a4\"><\/div>\n<p><\/ins><\/div>\n<div class=\"show_last_article\">\n<div id=\"lexo_me_shume\"><img decoding=\"async\" src=\"https:\/\/shqiptarja.com\/uploads\/780x440\/1771579921_enverhoxha.jpg\" \/><\/div>\n<\/div>\n<p>Pamjet e atij momenti n\u00eb sheshin \u201cSk\u00ebnderbej\u201d b\u00ebn\u00eb xhiron e bot\u00ebs dhe e vun\u00eb edhe nj\u00eb her\u00eb Shqip\u00ebrin\u00eb n\u00eb fokus t\u00eb zhvillimeve nd\u00ebrkomb\u00ebtare.<\/p>\n","protected":false},"excerpt":{"rendered":"<p>Sot p\u00ebrkujtohet 35 vjetori i rr\u00ebzimit t\u00eb shtatores s\u00eb t\u00eb ish-diktatorit\u00a0Enver Hoxha. M\u00eb 20 shkurt t\u00eb vitit 1991 mij\u00ebra qytetar\u00eb u ngrit\u00ebn p\u00ebr t\u00eb shembur simbolin e komunizmit, pak muaj pasi regjimi i vjet\u00ebr q\u00eb po jetonte dit\u00ebt e tij t\u00eb fundit kishte lejuar pluralizmin politik. Kjo ishte nga ngjarjet m\u00eb t\u00eb spikatura q\u00eb ndikuan [&hellip;]<\/p>\n","protected":false},"author":1,"featured_media":2366,"comment_status":"open","ping_status":"open","sticky":false,"template":"","format":"standard","meta":{"jnews-multi-image_gallery":[],"jnews_single_post":{"subtitle":"","format":"standard","override":[{"template":"1","parallax":"1","fullscreen":"1","layout":"right-sidebar","sidebar":"default-sidebar","second_sidebar":"default-sidebar","sticky_sidebar":"1","share_position":"top","share_float_style":"share-monocrhome","show_share_counter":"1","show_view_counter":"1","show_featured":"1","show_post_meta":"1","show_post_author":"1","show_post_author_image":"1","show_post_date":"1","post_date_format":"default","post_date_format_custom":"Y\/m\/d","show_post_category":"1","show_post_reading_time":"0","post_reading_time_wpm":"300","post_calculate_word_method":"str_word_count","show_zoom_button":"0","zoom_button_out_step":"2","zoom_button_in_step":"3","show_post_tag":"1","show_popup_post":"1","show_comment_section":"1","number_popup_post":"1","show_author_box":"1","show_post_related":"0","show_inline_post_related":"0"}],"image_override":[{"single_post_thumbnail_size":"crop-715","single_post_gallery_size":"crop-500"}],"trending_post_position":"meta","trending_post_label":"Trending","sponsored_post_label":"Sponsored by","disable_ad":"0"},"jnews_primary_category":[],"jnews_social_meta":[],"jnews_override_counter":{"view_counter_number":"0","share_counter_number":"0","like_counter_number":"0","dislike_counter_number":"0"},"jnews_post_split":{"post_split":[{"template":"1","tag":"h2","numbering":"asc","mode":"normal","first":"0","enable_toc":"0","toc_type":"normal"}]},"footnotes":""},"categories":[127],"tags":[],"class_list":["post-2365","post","type-post","status-publish","format-standard","has-post-thumbnail","hentry","category-politike"],"_links":{"self":[{"href":"https:\/\/shetshqip.com\/index.php?rest_route=\/wp\/v2\/posts\/2365","targetHints":{"allow":["GET"]}}],"collection":[{"href":"https:\/\/shetshqip.com\/index.php?rest_route=\/wp\/v2\/posts"}],"about":[{"href":"https:\/\/shetshqip.com\/index.php?rest_route=\/wp\/v2\/types\/post"}],"author":[{"embeddable":true,"href":"https:\/\/shetshqip.com\/index.php?rest_route=\/wp\/v2\/users\/1"}],"replies":[{"embeddable":true,"href":"https:\/\/shetshqip.com\/index.php?rest_route=%2Fwp%2Fv2%2Fcomments&post=2365"}],"version-history":[{"count":1,"href":"https:\/\/shetshqip.com\/index.php?rest_route=\/wp\/v2\/posts\/2365\/revisions"}],"predecessor-version":[{"id":2367,"href":"https:\/\/shetshqip.com\/index.php?rest_route=\/wp\/v2\/posts\/2365\/revisions\/2367"}],"wp:featuredmedia":[{"embeddable":true,"href":"https:\/\/shetshqip.com\/index.php?rest_route=\/wp\/v2\/media\/2366"}],"wp:attachment":[{"href":"https:\/\/shetshqip.com\/index.php?rest_route=%2Fwp%2Fv2%2Fmedia&parent=2365"}],"wp:term":[{"taxonomy":"category","embeddable":true,"href":"https:\/\/shetshqip.com\/index.php?rest_route=%2Fwp%2Fv2%2Fcategories&post=2365"},{"taxonomy":"post_tag","embeddable":true,"href":"https:\/\/shetshqip.com\/index.php?rest_route=%2Fwp%2Fv2%2Ftags&post=2365"}],"curies":[{"name":"wp","href":"https:\/\/api.w.org\/{rel}","templated":true}]}}