{"id":2320,"date":"2026-02-16T10:03:28","date_gmt":"2026-02-16T10:03:28","guid":{"rendered":"https:\/\/shetshqip.com\/?p=2320"},"modified":"2026-02-16T10:03:28","modified_gmt":"2026-02-16T10:03:28","slug":"rama-belinda-balluku-ma-ka-dorezuar-3-here-doreheqjen-por-e-kam-refuzuar","status":"publish","type":"post","link":"https:\/\/shetshqip.com\/?p=2320","title":{"rendered":"Rama: Belinda Balluku ma ka dor\u00ebzuar 3 her\u00eb dor\u00ebheqjen, por e kam refuzuar!"},"content":{"rendered":"<p>N\u00eb mbledhjen e sotme t\u00eb grupit parlamentar t\u00eb Partis\u00eb Socialiste kryeministri Edi Rama ka deklaruar se zv.kryeministrja dhe nj\u00ebher\u00ebsh ministrja p\u00ebr Infrastruktur\u00ebn dhe Energjin\u00eb Belinda Balluku ia ka dor\u00ebzuar plot tre her\u00eb dor\u00ebheqjen deri m\u00eb tani, por ka qen\u00eb ai q\u00eb ka refuzuar.<\/p>\n<p><em>\u201cDhe q\u00eb t\u00eb jemi t\u00eb qart\u00eb bashk\u00eb Belinda Balluku ma ka dor\u00ebzuar 3 her\u00eb dor\u00ebheqjen. I kam n\u00eb dosje atje. 3 her\u00eb, her\u00ebn e par\u00eb kur fillimisht iu b\u00eb akuza, her\u00ebn e dyt\u00eb kur iu dha masa e par\u00eb n\u00eb seanc\u00eb paraprake dhe her\u00ebn e tret\u00eb pas vendimit t\u00eb Gjykat\u00ebs s\u00eb Kushtetuese dhe kam qen\u00eb un\u00eb q\u00eb s\u2019e kam pranuar sepse dor\u00ebheqje n\u00eb presion dhe n\u00eb c\u00ebnim t\u00eb pushtetit ekzekutiv nuk ka\u201d<\/em>, tha Rama.<\/p>\n<div class=\"bnr-wrapper\">\n<div id=\"div-dynamic-banner-pc1\" data-google-query-id=\"CKKesMzQ3ZIDFYZ6pAQdmc8dtg\">\n<div id=\"google_ads_iframe_\/197741849\/klan__section_5_1__container__\"><\/div>\n<\/div>\n<\/div>\n<p>M\u00eb tej ai e fal\u00ebnderoi zv.kryeministren Balluku p\u00ebr m\u00ebnyr\u00ebn se si e ka trajtuar gjith\u00eb k\u00ebt\u00eb histori.<\/p>\n<p><em>\u201cJam fal\u00ebnderues p\u00ebr faktin q\u00eb nuk ka persistuar, por ka vazhduar ta marr\u00eb gjith\u00eb at\u00eb balt\u00eb n\u00eb fytyr\u00eb sepse un\u00eb nuk e pranoj dor\u00ebheqjen deri kur t\u00eb p\u00ebrcaktohen kushtet dhe k\u00ebt\u00eb se p\u00ebrcakton as prokurori, as gjykat\u00ebsi i seanc\u00ebs paraprake dhe as media, sepse k\u00ebshtu do i hapnim rrug\u00eb nj\u00eb hsitorie q\u00eb pengon kapacitetet e pushtetit ekzekutiv.<\/em><\/p>\n<p><em>P\u00ebr ata q\u00eb m\u00eb tregojn\u00eb Danimark\u00ebn, u them se jemi n\u00eb kushte t\u00eb ndryshme n\u00eb Shqip\u00ebri, jemi n\u00eb nj\u00eb faz\u00eb revolucionare, transformuese.\u201d<\/em>, tha Rama.<\/p>\n<p>Kryeministri Rama i b\u00ebri k\u00ebto deklarata gjat\u00eb prezantimit p\u00ebr projektligjin q\u00eb synon t\u00eb zgjidh\u00eb \u00e7\u00ebshtjen e kompetencave mes ekzekutivit dhe gjyq\u00ebsorit, q\u00eb doli n\u00eb pah pas pezullimit nga detyra t\u00eb zv.kryeministres Balluku, me vendim t\u00eb GJKKO-s\u00eb.<\/p>\n<p><em>\u201cKjo nism\u00eb thjesht dhe vet\u00ebm adreson boshll\u00ebkun mendor t\u00eb shoq\u00ebris\u00eb son\u00eb\u201d,<\/em>\u00a0tha ai.<\/p>\n<p><em>\u201cNuk ka fare lidhje me rastin konkret, nuk ka fare lidhje me pezullimin, por pezullimi \u00ebsht\u00eb i papranuesh\u00ebm. Ne do merremi me pezullimin p\u00ebr ta refuzuar me vullnetin e shumic\u00ebs n\u00eb Kuvend nd\u00ebrhyrjen n\u00eb pushtetin ekzekutiv n\u00eb territorin Kushtetues n\u00eb RSH. Askush s\u2019duhet t\u00eb mendoj\u00eb se ka n\u00eb dor\u00eb gurin dhe arr\u00ebn p\u00ebr t\u00eb goditur shumic\u00ebn qeveris\u00ebs dhe askush s\u2019duhet t\u00eb mendoj\u00eb q\u00eb kjo mas\u00eb apo t\u00eb tjera n\u00eb vijim lidhet me vullnetin ton\u00eb p\u00ebr t\u00eb nd\u00ebrhyr\u00eb n\u00eb drejt\u00ebsi.<\/em><\/p>\n<p><em>Ne duam nj\u00eb drejt\u00ebsi t\u00eb pavarur, fatmir\u00ebsisht e kemi aq t\u00eb pavarur sa nj\u00eb prokuror n\u00eb nj\u00eb rreth l\u00ebshon 33 masa arresti dhe harron t\u00eb arrestoj\u00eb vet\u00ebm veten e vet. Nuk jam vet\u00ebm un\u00eb q\u00eb i them k\u00ebto, un\u00eb jam vet\u00ebm nj\u00eb z\u00eb pasi k\u00ebto thuhen nga K\u00ebshilli i Evrop\u00ebs, raportotet e KiE-s\u00eb ku Shqip\u00ebria p\u00ebr faqe t\u00eb zez\u00eb renitet n\u00eb fund fare t\u00eb vendeve t\u00eb gjith\u00eb kontinentit evropian, rrot\u00eb m\u00eb rrot\u00eb me Rusin\u00eb t\u00eb arrestimit n\u00eb paraburgim t\u00eb njer\u00ebzve pa hetim e pa gjyq. Sikur edhe nj\u00eb t\u00eb jet\u00eb i pafajsh\u00ebm ky \u00ebsht\u00eb nj\u00eb problem por besoj se probabiliteti \u00ebsht\u00eb m\u00eb i lart\u00eb se kaq. Futen n\u00eb paraburgim dhe harrohen brenda. Kjo \u00ebsht\u00eb di\u00e7ka me t\u00eb cil\u00ebn ne nuk mund t\u00eb pajtohemi. Sa i p\u00ebrket pastaj \u00e7\u00ebshtjes s\u00eb rastit konkret, rasti konkret \u00ebsht\u00eb n\u00eb nj\u00eb tjet\u00ebr proces.\u201d,<\/em>\u00a0tha Rama.<\/p>\n","protected":false},"excerpt":{"rendered":"<p>N\u00eb mbledhjen e sotme t\u00eb grupit parlamentar t\u00eb Partis\u00eb Socialiste kryeministri Edi Rama ka deklaruar se zv.kryeministrja dhe nj\u00ebher\u00ebsh ministrja p\u00ebr Infrastruktur\u00ebn dhe Energjin\u00eb Belinda Balluku ia ka dor\u00ebzuar plot tre her\u00eb dor\u00ebheqjen deri m\u00eb tani, por ka qen\u00eb ai q\u00eb ka refuzuar. \u201cDhe q\u00eb t\u00eb jemi t\u00eb qart\u00eb bashk\u00eb Belinda Balluku ma ka dor\u00ebzuar [&hellip;]<\/p>\n","protected":false},"author":1,"featured_media":2321,"comment_status":"open","ping_status":"open","sticky":false,"template":"","format":"standard","meta":{"jnews-multi-image_gallery":[],"jnews_single_post":{"subtitle":"","format":"standard","override":[{"template":"1","parallax":"1","fullscreen":"1","layout":"right-sidebar","sidebar":"default-sidebar","second_sidebar":"default-sidebar","sticky_sidebar":"1","share_position":"top","share_float_style":"share-monocrhome","show_share_counter":"1","show_view_counter":"1","show_featured":"1","show_post_meta":"1","show_post_author":"1","show_post_author_image":"1","show_post_date":"1","post_date_format":"default","post_date_format_custom":"Y\/m\/d","show_post_category":"1","show_post_reading_time":"0","post_reading_time_wpm":"300","post_calculate_word_method":"str_word_count","show_zoom_button":"0","zoom_button_out_step":"2","zoom_button_in_step":"3","show_post_tag":"1","show_popup_post":"1","show_comment_section":"1","number_popup_post":"1","show_author_box":"1","show_post_related":"0","show_inline_post_related":"0"}],"image_override":[{"single_post_thumbnail_size":"crop-715","single_post_gallery_size":"crop-500"}],"trending_post_position":"meta","trending_post_label":"Trending","sponsored_post_label":"Sponsored by","disable_ad":"0"},"jnews_primary_category":[],"jnews_social_meta":[],"jnews_override_counter":{"view_counter_number":"0","share_counter_number":"0","like_counter_number":"0","dislike_counter_number":"0"},"jnews_post_split":{"post_split":[{"template":"1","tag":"h2","numbering":"asc","mode":"normal","first":"0","enable_toc":"0","toc_type":"normal"}]},"footnotes":""},"categories":[127],"tags":[],"class_list":["post-2320","post","type-post","status-publish","format-standard","has-post-thumbnail","hentry","category-politike"],"_links":{"self":[{"href":"https:\/\/shetshqip.com\/index.php?rest_route=\/wp\/v2\/posts\/2320","targetHints":{"allow":["GET"]}}],"collection":[{"href":"https:\/\/shetshqip.com\/index.php?rest_route=\/wp\/v2\/posts"}],"about":[{"href":"https:\/\/shetshqip.com\/index.php?rest_route=\/wp\/v2\/types\/post"}],"author":[{"embeddable":true,"href":"https:\/\/shetshqip.com\/index.php?rest_route=\/wp\/v2\/users\/1"}],"replies":[{"embeddable":true,"href":"https:\/\/shetshqip.com\/index.php?rest_route=%2Fwp%2Fv2%2Fcomments&post=2320"}],"version-history":[{"count":1,"href":"https:\/\/shetshqip.com\/index.php?rest_route=\/wp\/v2\/posts\/2320\/revisions"}],"predecessor-version":[{"id":2322,"href":"https:\/\/shetshqip.com\/index.php?rest_route=\/wp\/v2\/posts\/2320\/revisions\/2322"}],"wp:featuredmedia":[{"embeddable":true,"href":"https:\/\/shetshqip.com\/index.php?rest_route=\/wp\/v2\/media\/2321"}],"wp:attachment":[{"href":"https:\/\/shetshqip.com\/index.php?rest_route=%2Fwp%2Fv2%2Fmedia&parent=2320"}],"wp:term":[{"taxonomy":"category","embeddable":true,"href":"https:\/\/shetshqip.com\/index.php?rest_route=%2Fwp%2Fv2%2Fcategories&post=2320"},{"taxonomy":"post_tag","embeddable":true,"href":"https:\/\/shetshqip.com\/index.php?rest_route=%2Fwp%2Fv2%2Ftags&post=2320"}],"curies":[{"name":"wp","href":"https:\/\/api.w.org\/{rel}","templated":true}]}}