{"id":2241,"date":"2026-02-05T06:12:33","date_gmt":"2026-02-05T06:12:33","guid":{"rendered":"https:\/\/shetshqip.com\/?p=2241"},"modified":"2026-02-05T06:12:33","modified_gmt":"2026-02-05T06:12:33","slug":"rama-ne-vatikan-te-bazilika-ku-qe-prej-1467-es-nuk-ka-shkelur-asnje-kryetar-shteti-ose-qeverie-shqiptare","status":"publish","type":"post","link":"https:\/\/shetshqip.com\/?p=2241","title":{"rendered":"Rama n\u00eb Vatikan: Te bazilika ku q\u00eb prej 1467-\u00ebs nuk ka shkelur asnj\u00eb kryetar shteti ose qeverie shqiptare"},"content":{"rendered":"<p>Kryeministri Edi Rama ka mb\u00ebrritur sot, 4 shkurt, n\u00eb Vatikan. I shoq\u00ebruar nga bashk\u00ebshortja, Linda Rama, dhe djali i tij, Zaho, ndales\u00ebn e par\u00eb e ka b\u00ebr\u00eb n\u00eb bazilik\u00ebn e famshme n\u00eb Genazzano.<\/p>\n<p>Si\u00e7 shkruan Rama, prej vitit 1467, aty nuk ka shkelur asnj\u00eb kryetar shteti apo qeverie shqiptare.<\/p>\n<p><em>\u201cN\u00eb bazilik\u00ebn e famshme, ku gjendet sh\u00ebmb\u00eblltyra e Zoj\u00ebs s\u00eb K\u00ebshillit t\u00eb Mir\u00eb, mbi nj\u00eb cop\u00eb t\u00eb shk\u00ebputur nga muri i Kish\u00ebs s\u00eb Shkodr\u00ebs n\u00eb vitin e larg\u00ebt 1467.<\/em><\/p>\n<p><em>Q\u00eb nga ajo koh\u00eb asnj\u00eb kryetar shteti ose qeverie shqiptare nuk e kishte shkelur pragun e bazilik\u00ebs, ku krah Zoj\u00ebs s\u00eb Shqip\u00ebris\u00eb q\u00ebndron p\u00ebrher\u00eb edhe flamuri yn\u00eb komb\u00ebtar, e ku kan\u00eb kryer vizita e rite thuajse t\u00eb gjith\u00eb Pap\u00ebt e Rom\u00ebs.<\/em><\/p>\n<p><em>Gj\u00ebja e par\u00eb q\u00eb b\u00ebri edhe Papa Leoni XVI sapo u zgjodh, ishte vinte e t\u00eb lutej n\u00eb Genazzano te Zoja e Shqip\u00ebris\u00eb q\u00eb thirret edhe Regina di Albania \u2013 Mbret\u00ebresha e Shqip\u00ebri\u201d<\/em>, shkruan kreu i qeveris\u00eb, krahas fotove.<\/p>\n<p><iframe src=\"https:\/\/www.facebook.com\/plugins\/post.php?href=https%3A%2F%2Fwww.facebook.com%2Fediramaal%2Fposts%2Fpfbid02gUD3ecRCVLxVndcyxEakUw6CNFWwhZJL6eJmy6nLjRoXSdu9BZQqLTehv81Ky58Kl&amp;show_text=true&amp;width=500\" width=\"500\" height=\"825\" frameborder=\"0\" scrolling=\"no\" allowfullscreen=\"allowfullscreen\" data-mce-fragment=\"1\"><\/iframe><\/p>\n<hr class=\"wp-block-separator has-text-color has-vivid-red-color has-alpha-channel-opacity has-vivid-red-background-color has-background\" \/>\n<p>Sipas agjend\u00ebs s\u00eb b\u00ebr\u00eb publike, kryeministri do t\u00eb vizitoj\u00eb Pallatin Apostolik t\u00eb Vatikanit, ku do t\u00eb pritet n\u00eb oborrin \u201c<em>San Damaso<\/em>\u201d, nga Prefekti i Sht\u00ebpis\u00eb Papnore dhe Zot\u00ebrinj t\u00eb Shenjt\u00ebris\u00eb s\u00eb Tij.<\/p>\n<p>Pritja do t\u2019i paraprij\u00eb audienc\u00ebs q\u00eb Rama do t\u00eb ket\u00eb me Papa Leonin XIV, n\u00eb Bibliotek\u00ebn Papnore t\u00eb Pallatit Apostolik.<\/p>\n<p>M\u00eb pas, vizita do t\u00eb vijoj\u00eb n\u00eb Bazilik\u00ebn e Sh\u00ebn Pjetrit, n\u00eb mjediset e\u00a0<em>Stanza delle Lacrime, Cappella Paolina, Sala Reggia, Sistina\u00a0<\/em>dhe n\u00eb altarin e\u00a0<em>Sh\u00ebn Gjon Palit II.<\/em><\/p>\n<p>N\u00eb p\u00ebrfundim t\u00eb q\u00ebndrimit t\u00eb tyre n\u00eb Vatikan, kryeministri Rama dhe bashk\u00ebshortja e tij, do t\u00eb vizitojn\u00eb vendvarrimin e Papa Fran\u00e7eskut n\u00eb bazilik\u00ebn\u00a0<em>Santa Maria Maggiore<\/em>.<\/p>\n<p>Pjes\u00eb e k\u00ebsaj vizite do t\u00eb jen\u00eb edhe disa takime t\u00eb tjera mes t\u00eb cilave takimi me Kardinalin Pietro Parolini, Sekretar shteti i Vatikanit.<\/p>\n","protected":false},"excerpt":{"rendered":"<p>Kryeministri Edi Rama ka mb\u00ebrritur sot, 4 shkurt, n\u00eb Vatikan. I shoq\u00ebruar nga bashk\u00ebshortja, Linda Rama, dhe djali i tij, Zaho, ndales\u00ebn e par\u00eb e ka b\u00ebr\u00eb n\u00eb bazilik\u00ebn e famshme n\u00eb Genazzano. Si\u00e7 shkruan Rama, prej vitit 1467, aty nuk ka shkelur asnj\u00eb kryetar shteti apo qeverie shqiptare. \u201cN\u00eb bazilik\u00ebn e famshme, ku gjendet [&hellip;]<\/p>\n","protected":false},"author":1,"featured_media":2242,"comment_status":"open","ping_status":"open","sticky":false,"template":"","format":"standard","meta":{"jnews-multi-image_gallery":[],"jnews_single_post":{"subtitle":"","format":"standard","override":[{"template":"1","parallax":"1","fullscreen":"1","layout":"right-sidebar","sidebar":"default-sidebar","second_sidebar":"default-sidebar","sticky_sidebar":"1","share_position":"top","share_float_style":"share-monocrhome","show_share_counter":"1","show_view_counter":"1","show_featured":"1","show_post_meta":"1","show_post_author":"1","show_post_author_image":"1","show_post_date":"1","post_date_format":"default","post_date_format_custom":"Y\/m\/d","show_post_category":"1","show_post_reading_time":"0","post_reading_time_wpm":"300","post_calculate_word_method":"str_word_count","show_zoom_button":"0","zoom_button_out_step":"2","zoom_button_in_step":"3","show_post_tag":"1","show_popup_post":"1","show_comment_section":"1","number_popup_post":"1","show_author_box":"1","show_post_related":"0","show_inline_post_related":"0"}],"image_override":[{"single_post_thumbnail_size":"crop-715","single_post_gallery_size":"crop-500"}],"trending_post_position":"meta","trending_post_label":"Trending","sponsored_post_label":"Sponsored by","disable_ad":"0"},"jnews_primary_category":[],"jnews_social_meta":[],"jnews_override_counter":{"view_counter_number":"0","share_counter_number":"0","like_counter_number":"0","dislike_counter_number":"0"},"jnews_post_split":{"post_split":[{"template":"1","tag":"h2","numbering":"asc","mode":"normal","first":"0","enable_toc":"0","toc_type":"normal"}]},"footnotes":""},"categories":[127],"tags":[],"class_list":["post-2241","post","type-post","status-publish","format-standard","has-post-thumbnail","hentry","category-politike"],"_links":{"self":[{"href":"https:\/\/shetshqip.com\/index.php?rest_route=\/wp\/v2\/posts\/2241","targetHints":{"allow":["GET"]}}],"collection":[{"href":"https:\/\/shetshqip.com\/index.php?rest_route=\/wp\/v2\/posts"}],"about":[{"href":"https:\/\/shetshqip.com\/index.php?rest_route=\/wp\/v2\/types\/post"}],"author":[{"embeddable":true,"href":"https:\/\/shetshqip.com\/index.php?rest_route=\/wp\/v2\/users\/1"}],"replies":[{"embeddable":true,"href":"https:\/\/shetshqip.com\/index.php?rest_route=%2Fwp%2Fv2%2Fcomments&post=2241"}],"version-history":[{"count":1,"href":"https:\/\/shetshqip.com\/index.php?rest_route=\/wp\/v2\/posts\/2241\/revisions"}],"predecessor-version":[{"id":2243,"href":"https:\/\/shetshqip.com\/index.php?rest_route=\/wp\/v2\/posts\/2241\/revisions\/2243"}],"wp:featuredmedia":[{"embeddable":true,"href":"https:\/\/shetshqip.com\/index.php?rest_route=\/wp\/v2\/media\/2242"}],"wp:attachment":[{"href":"https:\/\/shetshqip.com\/index.php?rest_route=%2Fwp%2Fv2%2Fmedia&parent=2241"}],"wp:term":[{"taxonomy":"category","embeddable":true,"href":"https:\/\/shetshqip.com\/index.php?rest_route=%2Fwp%2Fv2%2Fcategories&post=2241"},{"taxonomy":"post_tag","embeddable":true,"href":"https:\/\/shetshqip.com\/index.php?rest_route=%2Fwp%2Fv2%2Ftags&post=2241"}],"curies":[{"name":"wp","href":"https:\/\/api.w.org\/{rel}","templated":true}]}}