{"id":2172,"date":"2026-01-27T11:08:37","date_gmt":"2026-01-27T11:08:37","guid":{"rendered":"https:\/\/shetshqip.com\/?p=2172"},"modified":"2026-01-27T11:08:37","modified_gmt":"2026-01-27T11:08:37","slug":"7-filma-rreth-holocaust-it-qe-duhet-ti-shihni-patjeter","status":"publish","type":"post","link":"https:\/\/shetshqip.com\/?p=2172","title":{"rendered":"7 filma rreth Holocaust-it q\u00eb duhet t\u2019i shihni patjet\u00ebr"},"content":{"rendered":"<p><strong>27 janari p\u00ebrkon me\u00a0(Holocaust Memorial Day), dit\u00ebn kur e gjith\u00eb bota kujton viktimat e Holocaust-it, ku mbet\u00ebn t\u00eb vrar\u00eb rreth 6 milion\u00eb hebrenj. Sot, b\u00ebhen plot 77 vite nga \u00e7lirimi i kampit t\u00eb\u00a0 Ausch\u00ebitz-Birkenau, njohur ndryshe si \u201ckampi i vdekjes\u201d t\u00eb nazist\u00ebve n\u00eb Poloni.<\/strong><\/p>\n<p><em>M\u00eb posht\u00eb do t\u00eb gjeni nj\u00eb list\u00eb me filma\/serial\u00eb q\u00eb rr\u00ebfejn\u00eb historit\u00eb rr\u00ebnqeth\u00ebse dhe \u00e7njer\u00ebzore q\u00eb ndodh\u00ebn brenda kampit fatkeq. <\/em><img decoding=\"async\" style=\"background-color: #fcf8e3;\" src=\"https:\/\/www.kultplus.com\/ads\/www\/delivery\/lg.php?bannerid=0&amp;campaignid=0&amp;zoneid=6&amp;loc=https%3A%2F%2Fwww.kultplus.com%2Ffilmi%2F7-filma-rreth-holocaust-it-qe-duhet-ti-shihni-patjeter-2%2F%3Ffbclid%3DIwZXh0bgNhZW0CMTEAc3J0YwZhcHBfaWQQMjIyMDM5MTc4ODIwMDg5MgABHt2b8yrZO3iWKUnFrQXbOVIstfQ3D-0gxdEBGbWioPsejGTZXAXrxmD30FR7_aem_1qMOgfq1b5p7QoDHeIhDfA&amp;cb=36909993e4\" alt=\"\" width=\"0\" height=\"0\" \/><\/p>\n<blockquote class=\"wp-block-quote is-layout-flow wp-block-quote-is-layout-flow\"><p><strong>1. The Pianist (2002)<\/strong><\/p><\/blockquote>\n<p>Bazuar n\u00eb librin autobiografik me t\u00eb nj\u00ebjtin titull, ky film tregon p\u00ebr jet\u00ebn dhe kujtimet e nj\u00eb pianisti polak-hebre, \u00a0W?adys?a\u00eb Szpilman,\u00a0q\u00eb i shp\u00ebtoi\u00a0Holocaust-it.<\/p>\n<figure class=\"wp-block-image\"><img decoding=\"async\" src=\"https:\/\/media.anabelmagazine.com\/o.anabel.al\/media3\/-785-0-61f2d1f816769.jpg\" alt=\"7 filma rreth Holocaust-it q\u00eb duhet t'i shihni patjet\u00ebr!\" \/><\/figure>\n<blockquote class=\"wp-block-quote is-layout-flow wp-block-quote-is-layout-flow\"><p><strong>2. La Vita e Bella <\/strong><img decoding=\"async\" style=\"background-color: #fcf8e3;\" src=\"https:\/\/www.kultplus.com\/ads\/www\/delivery\/lg.php?bannerid=52&amp;campaignid=1&amp;zoneid=5&amp;loc=https%3A%2F%2Fwww.kultplus.com%2Ffilmi%2F7-filma-rreth-holocaust-it-qe-duhet-ti-shihni-patjeter-2%2F%3Ffbclid%3DIwZXh0bgNhZW0CMTEAc3J0YwZhcHBfaWQQMjIyMDM5MTc4ODIwMDg5MgABHt2b8yrZO3iWKUnFrQXbOVIstfQ3D-0gxdEBGbWioPsejGTZXAXrxmD30FR7_aem_1qMOgfq1b5p7QoDHeIhDfA&amp;cb=360cb2df5d\" alt=\"\" width=\"0\" height=\"0\" \/><\/p><\/blockquote>\n<p>Nj\u00eb dram\u00eb-komedi italiane e vitit 1997 me skenar dhe pjes\u00ebmarrje t\u00eb Roberto Benigni-it. La Vita e Bella tregon p\u00ebr rrug\u00ebtimin e nj\u00eb familjeje q\u00eb p\u00ebrballet me internimin n\u00eb kampet e p\u00ebrq\u00ebndrimit t\u00eb nazist\u00ebve. E gjith\u00eb historia shihet nga syt\u00eb e nj\u00eb vog\u00eblushi dhe p\u00ebrpjekjet e t\u00eb atit p\u00ebr t\u2019i zbukuruar realitetin horror q\u00eb iu desh ta p\u00ebrjetonte q\u00eb her\u00ebt.<\/p>\n<figure class=\"wp-block-image\"><img decoding=\"async\" src=\"https:\/\/media.anabelmagazine.com\/o.anabel.al\/media3\/-785-0-61f2d2f8061ed.png\" alt=\"7 filma rreth Holocaust-it q\u00eb duhet t'i shihni patjet\u00ebr!\" \/><\/figure>\n<blockquote class=\"wp-block-quote is-layout-flow wp-block-quote-is-layout-flow\"><p><strong>3.\u00a0Schindler\u2019s List<\/strong><\/p><\/blockquote>\n<p>Schindler\u2019s List, nj\u00eb dram\u00eb historike e 1993-shit me regji t\u00eb\u00a0Steven Spielberg. Filmi flet p\u00ebr\u00a0Oskar Schindler, gjermanin q\u00eb shp\u00ebtoi me mij\u00ebra refugjat\u00eb hebre-polak\u00eb nga Holokausti duke i pun\u00ebsuar n\u00eb fabrikat e tij gjat\u00eb Luft\u00ebs s\u00eb Dyt\u00eb Bot\u00ebrore.<\/p>\n<div class=\"rek-artikull\"><\/div>\n<figure class=\"wp-block-image\"><img decoding=\"async\" src=\"https:\/\/media.anabelmagazine.com\/o.anabel.al\/media3\/-785-0-61f2d3d138dbc.jpg\" alt=\"7 filma rreth Holocaust-it q\u00eb duhet t'i shihni patjet\u00ebr!\" \/><\/figure>\n<blockquote class=\"wp-block-quote is-layout-flow wp-block-quote-is-layout-flow\"><p><strong>4.\u00a0The Boy in the Striped Pajamas<\/strong><\/p><\/blockquote>\n<p>Bruno \u00ebsht\u00eb djali 8-vje\u00e7ar i komandantit t\u00eb kampit t\u00eb p\u00ebrq\u00ebndrimit gjat\u00eb Luft\u00ebs s\u00eb Dyt\u00eb Bot\u00ebrore. Rast\u00ebsisht ai takon moshatarin e tij hebre p\u00ebrtej gardhit t\u00eb kampit dhe mes tyre lind nj\u00eb miq\u00ebsi e past\u00ebr. \u00c7far\u00eb nuk dinte vog\u00eblushi ishin pasojat e k\u00ebsaj miq\u00ebsie prej t\u00eb cilave nuk mund t\u00eb shp\u00ebtonte.<\/p>\n<figure class=\"wp-block-image\"><img decoding=\"async\" src=\"https:\/\/media.anabelmagazine.com\/o.anabel.al\/media3\/-785-0-61f2d41f34c3b.jpg\" alt=\"7 filma rreth Holocaust-it q\u00eb duhet t'i shihni patjet\u00ebr!\" \/><\/figure>\n<blockquote class=\"wp-block-quote is-layout-flow wp-block-quote-is-layout-flow\"><p><strong>5.Holocaust (1978)<\/strong><\/p><\/blockquote>\n<p>Mini-serial q\u00eb tregon perceptimet e ndryshme t\u00eb familjeve gjat\u00eb asaj periudhe. Dy familje gjermane nga Berlini: nj\u00ebra pal\u00eb e krishter\u00eb, pjes\u00ebtar\u00ebt e t\u00eb cil\u00ebs u b\u00ebn\u00eb nazist\u00eb si pasoj\u00eb e nevojave ekonomike, nd\u00ebrsa familja tjet\u00ebr hebre, p\u00ebrfunduan duke qen\u00eb viktimat e tyre.<\/p>\n<figure class=\"wp-block-image\"><img decoding=\"async\" src=\"https:\/\/media.anabelmagazine.com\/o.anabel.al\/media3\/-785-0-61f2d5e8f2468.jpg\" alt=\"7 filma rreth Holocaust-it q\u00eb duhet t'i shihni patjet\u00ebr!\" \/><\/figure>\n<blockquote class=\"wp-block-quote is-layout-flow wp-block-quote-is-layout-flow\"><p><strong>6. Train of Life (1998)<\/strong><\/p><\/blockquote>\n<p>Nj\u00eb tragjikomedi q\u00eb flet p\u00ebr historin\u00eb e hebrenjve nga Europa Lindore dhe p\u00ebrpjekjet e tyre p\u00ebr t\u2019i shp\u00ebtuar Holocaust-it.<\/p>\n<figure class=\"wp-block-image\"><img decoding=\"async\" src=\"https:\/\/media.anabelmagazine.com\/o.anabel.al\/media3\/-785-0-61f2d636b4370.jpg\" alt=\"7 filma rreth Holocaust-it q\u00eb duhet t'i shihni patjet\u00ebr!\" \/><\/figure>\n<blockquote class=\"wp-block-quote is-layout-flow wp-block-quote-is-layout-flow\"><p><strong>7. Anne Frank: The Whole Story (2007)<\/strong><\/p><\/blockquote>\n<p>Mini-seriali i bazuar n\u00eb ditarin e famsh\u00ebm t\u00eb Anne Frank dhe perceptimi i bot\u00ebs sipas syve t\u00eb saj, menj\u00ebher\u00eb pasi kupton q\u00eb krejt papritur ajo dhe familja nuk kan\u00eb m\u00eb t\u00eb drejta.<\/p>\n<figure class=\"wp-block-image\"><img decoding=\"async\" src=\"https:\/\/media.anabelmagazine.com\/o.anabel.al\/media3\/-785-0-61f2d6d8bcfc6.jpg\" alt=\"7 filma rreth Holocaust-it q\u00eb duhet t'i shihni patjet\u00ebr!\" \/><\/figure>\n<p><center><\/p>\n<div class=\"lm-zs-enabled overlay-plain\" data-lm-zs-src=\"[&quot;https:\/\/www.kultplus.com\/wp-content\/uploads\/2026\/01\/pianist.jpeg&quot;, &quot;https:\/\/www.kultplus.com\/wp-content\/uploads\/2026\/01\/image-255-1024x576.png&quot;, &quot;https:\/\/www.kultplus.com\/wp-content\/uploads\/2024\/12\/Mozart-with-score-in-background-Jan20-1024x683-1.jpg&quot;, &quot;https:\/\/www.kultplus.com\/wp-content\/uploads\/2026\/01\/1-14-e1769491191771-1024x990.jpeg&quot;]\">\n<div class=\"lm-zs-slideshow\">\n<div class=\"lm-zs-bullets\">\n<div class=\"lm-zs-bullet lm-zs-bullet-1 passed\"><\/div>\n<div class=\"lm-zs-bullet lm-zs-bullet-2 passed\"><\/div>\n<\/div>\n<\/div>\n<\/div>\n<p><\/center><\/p>\n","protected":false},"excerpt":{"rendered":"<p>27 janari p\u00ebrkon me\u00a0(Holocaust Memorial Day), dit\u00ebn kur e gjith\u00eb bota kujton viktimat e Holocaust-it, ku mbet\u00ebn t\u00eb vrar\u00eb rreth 6 milion\u00eb hebrenj. Sot, b\u00ebhen plot 77 vite nga \u00e7lirimi i kampit t\u00eb\u00a0 Ausch\u00ebitz-Birkenau, njohur ndryshe si \u201ckampi i vdekjes\u201d t\u00eb nazist\u00ebve n\u00eb Poloni. M\u00eb posht\u00eb do t\u00eb gjeni nj\u00eb list\u00eb me filma\/serial\u00eb q\u00eb rr\u00ebfejn\u00eb [&hellip;]<\/p>\n","protected":false},"author":1,"featured_media":2173,"comment_status":"open","ping_status":"open","sticky":false,"template":"","format":"standard","meta":{"jnews-multi-image_gallery":[],"jnews_single_post":{"subtitle":"","format":"standard","override":[{"template":"1","parallax":"1","fullscreen":"1","layout":"right-sidebar","sidebar":"default-sidebar","second_sidebar":"default-sidebar","sticky_sidebar":"1","share_position":"top","share_float_style":"share-monocrhome","show_share_counter":"1","show_view_counter":"1","show_featured":"1","show_post_meta":"1","show_post_author":"1","show_post_author_image":"1","show_post_date":"1","post_date_format":"default","post_date_format_custom":"Y\/m\/d","show_post_category":"1","show_post_reading_time":"0","post_reading_time_wpm":"300","post_calculate_word_method":"str_word_count","show_zoom_button":"0","zoom_button_out_step":"2","zoom_button_in_step":"3","show_post_tag":"1","show_popup_post":"1","show_comment_section":"1","number_popup_post":"1","show_author_box":"1","show_post_related":"0","show_inline_post_related":"0"}],"image_override":[{"single_post_thumbnail_size":"crop-715","single_post_gallery_size":"crop-500"}],"trending_post_position":"meta","trending_post_label":"Trending","sponsored_post_label":"Sponsored by","disable_ad":"0"},"jnews_primary_category":[],"jnews_social_meta":[],"jnews_override_counter":{"view_counter_number":"0","share_counter_number":"0","like_counter_number":"0","dislike_counter_number":"0"},"jnews_post_split":{"post_split":[{"template":"1","tag":"h2","numbering":"asc","mode":"normal","first":"0","enable_toc":"0","toc_type":"normal"}]},"footnotes":""},"categories":[84],"tags":[],"class_list":["post-2172","post","type-post","status-publish","format-standard","has-post-thumbnail","hentry","category-showbiz"],"_links":{"self":[{"href":"https:\/\/shetshqip.com\/index.php?rest_route=\/wp\/v2\/posts\/2172","targetHints":{"allow":["GET"]}}],"collection":[{"href":"https:\/\/shetshqip.com\/index.php?rest_route=\/wp\/v2\/posts"}],"about":[{"href":"https:\/\/shetshqip.com\/index.php?rest_route=\/wp\/v2\/types\/post"}],"author":[{"embeddable":true,"href":"https:\/\/shetshqip.com\/index.php?rest_route=\/wp\/v2\/users\/1"}],"replies":[{"embeddable":true,"href":"https:\/\/shetshqip.com\/index.php?rest_route=%2Fwp%2Fv2%2Fcomments&post=2172"}],"version-history":[{"count":1,"href":"https:\/\/shetshqip.com\/index.php?rest_route=\/wp\/v2\/posts\/2172\/revisions"}],"predecessor-version":[{"id":2175,"href":"https:\/\/shetshqip.com\/index.php?rest_route=\/wp\/v2\/posts\/2172\/revisions\/2175"}],"wp:featuredmedia":[{"embeddable":true,"href":"https:\/\/shetshqip.com\/index.php?rest_route=\/wp\/v2\/media\/2173"}],"wp:attachment":[{"href":"https:\/\/shetshqip.com\/index.php?rest_route=%2Fwp%2Fv2%2Fmedia&parent=2172"}],"wp:term":[{"taxonomy":"category","embeddable":true,"href":"https:\/\/shetshqip.com\/index.php?rest_route=%2Fwp%2Fv2%2Fcategories&post=2172"},{"taxonomy":"post_tag","embeddable":true,"href":"https:\/\/shetshqip.com\/index.php?rest_route=%2Fwp%2Fv2%2Ftags&post=2172"}],"curies":[{"name":"wp","href":"https:\/\/api.w.org\/{rel}","templated":true}]}}