{"id":2154,"date":"2026-01-24T15:38:50","date_gmt":"2026-01-24T15:38:50","guid":{"rendered":"https:\/\/shetshqip.com\/?p=2154"},"modified":"2026-01-24T15:38:50","modified_gmt":"2026-01-24T15:38:50","slug":"biznesi-shqiptar-dhe-ai-britanik-takohen-ne-londer-ne-konferencen-e-bna","status":"publish","type":"post","link":"https:\/\/shetshqip.com\/?p=2154","title":{"rendered":"Biznesi shqiptar dhe ai britanik takohen n\u00eb Lond\u00ebr n\u00eb Konferenc\u00ebn e BNA"},"content":{"rendered":"<p><strong>Lond\u00ebr, 21 Mars 2026<\/strong> \u2013 Business Network Albania (BNA) do t\u00eb organizoj\u00eb n\u00eb Lond\u00ebr nj\u00eb konferenc\u00eb nd\u00ebrkomb\u00ebtare biznesi q\u00eb do t\u00eb mbledh\u00eb p\u00ebrfaq\u00ebsues t\u00eb institucioneve, diplomacis\u00eb, biznesit, investitor\u00eb dhe profesionist\u00eb nga Shqip\u00ebria, Kosova, Mbret\u00ebria e Bashkuar dhe diaspora shqiptare.<\/p>\n<p>Eventi synon t\u00eb krijoj\u00eb nj\u00eb platform\u00eb dialogu dhe bashk\u00ebpunimi mbi zhvillimin ekonomik, investimet nd\u00ebrkufitare, rolin e diaspor\u00ebs dhe t\u00eb ardhmen e marr\u00ebdh\u00ebnieve ekonomike mes Ballkanit Per\u00ebndimor dhe Mbret\u00ebris\u00eb s\u00eb Bashkuar. Konferenca do t\u00eb zhvillohet n\u00eb format t\u00eb strukturuar, duke kombinuar diskutime strategjike me hap\u00ebsira t\u00eb dedikuara p\u00ebr networking profesional.<\/p>\n<p>Konferenca do t\u00eb hapet me fjal\u00eb p\u00ebrsh\u00ebndet\u00ebse nga drejtuesit e Business Network Albania dhe me fjalime diplomatike nga Ambasador\u00ebt e Shqip\u00ebris\u00eb dhe Kosov\u00ebs n\u00eb Mbret\u00ebrin\u00eb e Bashkuar, duke reflektuar r\u00ebnd\u00ebsin\u00eb e bashk\u00ebpunimit institucional dhe ekonomik n\u00eb nivel rajonal dhe nd\u00ebrkomb\u00ebtar.<\/p>\n<p>Axhenda p\u00ebrfshin fjalime kryesore dhe panele diskutimi mbi temat e kapitalit, tregtis\u00eb, investimeve private, teknologjis\u00eb, inovacionit dhe integrimit europian. Nj\u00eb v\u00ebmendje e ve\u00e7ant\u00eb do t\u2019i kushtohet rolit t\u00eb diaspor\u00ebs, zhvillimit t\u00eb talenteve dhe bashk\u00ebpunimeve mes bizneseve nga rajoni dhe tregjet e avancuara.<\/p>\n<p>Gjat\u00eb konferenc\u00ebs do t\u00eb prezantohen gjithashtu iniciativat e Business Network Albania p\u00ebr periudh\u00ebn 2026\u20132027, duke ofruar nj\u00eb pasqyr\u00eb t\u00eb vizionit dhe prioriteteve t\u00eb rrjetit p\u00ebr forcimin e partneriteteve ekonomike dhe mb\u00ebshtetjen e bizneseve t\u00eb vogla dhe t\u00eb mesme n\u00eb procesin e nd\u00ebrkomb\u00ebtarizimit.<\/p>\n<p>Eventi do t\u00eb p\u00ebrfshij\u00eb disa momente networking-u, p\u00ebrfshir\u00eb pushime kafeje, drek\u00eb pune dhe nj\u00eb koktej p\u00ebrmbyll\u00ebs, me q\u00ebllim krijimin e kontakteve cil\u00ebsore dhe nxitjen e bashk\u00ebpunimeve konkrete mes pjes\u00ebmarr\u00ebsve.<\/p>\n<p>Konferenca e 21 Marsit n\u00eb Lond\u00ebr p\u00ebrfaq\u00ebson nj\u00eb hap t\u00eb r\u00ebnd\u00ebsish\u00ebm n\u00eb strategjin\u00eb e Business Network Albania p\u00ebr t\u00eb forcuar pranin\u00eb nd\u00ebrkomb\u00ebtare dhe p\u00ebr t\u00eb nd\u00ebrtuar ura t\u00eb q\u00ebndrueshme bashk\u00ebpunimi mes Shqip\u00ebris\u00eb, Kosov\u00ebs, diaspor\u00ebs dhe partner\u00ebve nd\u00ebrkomb\u00ebtar\u00eb.<\/p>\n<p><strong>Rreth Business Network Albania (BNA):<br \/>\n<\/strong>Business Network Albania \u00ebsht\u00eb nj\u00eb platform\u00eb dhe komunitet biznesi q\u00eb fokusohet n\u00eb nd\u00ebrtimin e partneriteteve t\u00eb besueshme, matchmaking t\u00eb kuruar dhe mb\u00ebshtetje t\u00eb bizneseve shqiptare n\u00eb tregjet nd\u00ebrkomb\u00ebtare, me theks t\u00eb ve\u00e7ant\u00eb te eksporti, investimet dhe bashk\u00ebpunimet afatgjata.<\/p>\n","protected":false},"excerpt":{"rendered":"<p>Lond\u00ebr, 21 Mars 2026 \u2013 Business Network Albania (BNA) do t\u00eb organizoj\u00eb n\u00eb Lond\u00ebr nj\u00eb konferenc\u00eb nd\u00ebrkomb\u00ebtare biznesi q\u00eb do t\u00eb mbledh\u00eb p\u00ebrfaq\u00ebsues t\u00eb institucioneve, diplomacis\u00eb, biznesit, investitor\u00eb dhe profesionist\u00eb nga Shqip\u00ebria, Kosova, Mbret\u00ebria e Bashkuar dhe diaspora shqiptare. Eventi synon t\u00eb krijoj\u00eb nj\u00eb platform\u00eb dialogu dhe bashk\u00ebpunimi mbi zhvillimin ekonomik, investimet nd\u00ebrkufitare, rolin e [&hellip;]<\/p>\n","protected":false},"author":1,"featured_media":2155,"comment_status":"open","ping_status":"open","sticky":false,"template":"","format":"standard","meta":{"jnews-multi-image_gallery":[],"jnews_single_post":{"subtitle":"","format":"standard","override":[{"template":"1","parallax":"1","fullscreen":"1","layout":"right-sidebar","sidebar":"default-sidebar","second_sidebar":"default-sidebar","sticky_sidebar":"1","share_position":"top","share_float_style":"share-monocrhome","show_share_counter":"1","show_view_counter":"1","show_featured":"1","show_post_meta":"1","show_post_author":"1","show_post_author_image":"1","show_post_date":"1","post_date_format":"default","post_date_format_custom":"Y\/m\/d","show_post_category":"1","show_post_reading_time":"0","post_reading_time_wpm":"300","post_calculate_word_method":"str_word_count","show_zoom_button":"0","zoom_button_out_step":"2","zoom_button_in_step":"3","show_post_tag":"1","show_popup_post":"1","show_comment_section":"1","number_popup_post":"1","show_author_box":"1","show_post_related":"0","show_inline_post_related":"0"}],"image_override":[{"single_post_thumbnail_size":"crop-715","single_post_gallery_size":"crop-500"}],"trending_post_position":"meta","trending_post_label":"Trending","sponsored_post_label":"Sponsored by","disable_ad":"0"},"jnews_primary_category":[],"jnews_social_meta":[],"jnews_override_counter":{"view_counter_number":"0","share_counter_number":"0","like_counter_number":"0","dislike_counter_number":"0"},"jnews_post_split":{"post_split":[{"template":"1","tag":"h2","numbering":"asc","mode":"normal","first":"0","enable_toc":"0","toc_type":"normal"}]},"footnotes":""},"categories":[83],"tags":[],"class_list":["post-2154","post","type-post","status-publish","format-standard","has-post-thumbnail","hentry","category-lajme"],"_links":{"self":[{"href":"https:\/\/shetshqip.com\/index.php?rest_route=\/wp\/v2\/posts\/2154","targetHints":{"allow":["GET"]}}],"collection":[{"href":"https:\/\/shetshqip.com\/index.php?rest_route=\/wp\/v2\/posts"}],"about":[{"href":"https:\/\/shetshqip.com\/index.php?rest_route=\/wp\/v2\/types\/post"}],"author":[{"embeddable":true,"href":"https:\/\/shetshqip.com\/index.php?rest_route=\/wp\/v2\/users\/1"}],"replies":[{"embeddable":true,"href":"https:\/\/shetshqip.com\/index.php?rest_route=%2Fwp%2Fv2%2Fcomments&post=2154"}],"version-history":[{"count":1,"href":"https:\/\/shetshqip.com\/index.php?rest_route=\/wp\/v2\/posts\/2154\/revisions"}],"predecessor-version":[{"id":2156,"href":"https:\/\/shetshqip.com\/index.php?rest_route=\/wp\/v2\/posts\/2154\/revisions\/2156"}],"wp:featuredmedia":[{"embeddable":true,"href":"https:\/\/shetshqip.com\/index.php?rest_route=\/wp\/v2\/media\/2155"}],"wp:attachment":[{"href":"https:\/\/shetshqip.com\/index.php?rest_route=%2Fwp%2Fv2%2Fmedia&parent=2154"}],"wp:term":[{"taxonomy":"category","embeddable":true,"href":"https:\/\/shetshqip.com\/index.php?rest_route=%2Fwp%2Fv2%2Fcategories&post=2154"},{"taxonomy":"post_tag","embeddable":true,"href":"https:\/\/shetshqip.com\/index.php?rest_route=%2Fwp%2Fv2%2Ftags&post=2154"}],"curies":[{"name":"wp","href":"https:\/\/api.w.org\/{rel}","templated":true}]}}