{"id":2142,"date":"2026-01-21T10:56:42","date_gmt":"2026-01-21T10:56:42","guid":{"rendered":"https:\/\/shetshqip.com\/?p=2142"},"modified":"2026-01-21T10:56:42","modified_gmt":"2026-01-21T10:56:42","slug":"pse-emmanuel-macron-mban-syze-dielli-brenda-ne-samitin-e-davos","status":"publish","type":"post","link":"https:\/\/shetshqip.com\/?p=2142","title":{"rendered":"Pse Emmanuel Macron mban syze dielli brenda n\u00eb Samitin e Davos?"},"content":{"rendered":"<p>Presidenti i Franc\u00ebs, Emmanuel Macron, ka t\u00ebrhequr v\u00ebmendjen n\u00eb Samitin Ekonomik Bot\u00ebror n\u00eb Davos jo vet\u00ebm p\u00ebr deklaratat e tij politike, por edhe p\u00ebr paraqitjen e pazakont\u00eb: ai mbajti syze dielli gjat\u00eb fjalimit t\u00eb tij n\u00eb ambient t\u00eb mbyllur.<\/p>\n<p>Macron i mbajti syzet nd\u00ebrsa kritikoi ashp\u00ebr k\u00ebrc\u00ebnimet e ish-presidentit amerikan Donald Trump p\u00ebr vendosjen e tarifave ndaj vendeve europiane q\u00eb kund\u00ebrshtojn\u00eb planet e tij p\u00ebr Groenland\u00ebn. Megjithat\u00eb, presidenti francez nuk dha shpjegime gjat\u00eb fjalimit p\u00ebr zgjedhjen e syzeve.<\/p>\n<p>Sipas mediave franceze, arsyeja lidhet me nj\u00eb problem sh\u00ebndet\u00ebsor. Jav\u00ebn e kaluar, Macron u shfaq n\u00eb nj\u00eb aktivitet ushtarak me nj\u00eb sy t\u00eb skuqur, p\u00ebr t\u00eb cilin ai vet\u00eb tha se ishte \u201ckrejt\u00ebsisht i par\u00ebnd\u00ebsish\u00ebm\u201d. Ai madje e quajti me humor \u201csyri i tigrit\u201d, si simbol vendosm\u00ebrie.<\/p>\n<p>Raportimet mjek\u00ebsore tregojn\u00eb se b\u00ebhet fjal\u00eb p\u00ebr nj\u00eb hemorragji subkonjuktivale, nj\u00eb \u00e7arje e vog\u00ebl e nj\u00eb ene gjaku n\u00eb sy. Gjendja \u00ebsht\u00eb e parrezikshme, pa dhimbje dhe zakonisht zhduket brenda dy jav\u00ebsh pa pasoja p\u00ebr shikimin.<\/p>\n<p>Mjek\u00eb francez\u00eb kan\u00eb shpjeguar se syzet nuk jan\u00eb t\u00eb domosdoshme p\u00ebr mbrojtje mjek\u00ebsore, por mund t\u00eb p\u00ebrdoren p\u00ebr arsye estetike, sidomos nga figura publike, p\u00ebr t\u00eb shmangur keqkuptime apo spekulime.<\/p>\n<p>Paraqitja e Macron ka shkaktuar reagime t\u00eb shumta n\u00eb rrjetet sociale, ku disa e kan\u00eb quajtur \u201cshow-off\u201d, nd\u00ebrsa t\u00eb tjer\u00eb kan\u00eb b\u00ebr\u00eb shaka duke e krahasuar me personazhe filmash si Top Gun.<\/p>\n<p>Pavar\u00ebsisht diskutimeve, Macron p\u00ebrdori fjalimin e tij p\u00ebr t\u00eb paralajm\u00ebruar p\u00ebr rritjen e autokracis\u00eb dhe rikthimin e ambicieve imperialiste n\u00eb sken\u00ebn nd\u00ebrkomb\u00ebtare, duke theksuar r\u00ebnd\u00ebsin\u00eb e respektimit t\u00eb ligjit nd\u00ebrkomb\u00ebtar.<\/p>\n","protected":false},"excerpt":{"rendered":"<p>Presidenti i Franc\u00ebs, Emmanuel Macron, ka t\u00ebrhequr v\u00ebmendjen n\u00eb Samitin Ekonomik Bot\u00ebror n\u00eb Davos jo vet\u00ebm p\u00ebr deklaratat e tij politike, por edhe p\u00ebr paraqitjen e pazakont\u00eb: ai mbajti syze dielli gjat\u00eb fjalimit t\u00eb tij n\u00eb ambient t\u00eb mbyllur. Macron i mbajti syzet nd\u00ebrsa kritikoi ashp\u00ebr k\u00ebrc\u00ebnimet e ish-presidentit amerikan Donald Trump p\u00ebr vendosjen e [&hellip;]<\/p>\n","protected":false},"author":1,"featured_media":2143,"comment_status":"open","ping_status":"open","sticky":false,"template":"","format":"standard","meta":{"jnews-multi-image_gallery":[],"jnews_single_post":{"subtitle":"","format":"standard","override":[{"template":"1","parallax":"1","fullscreen":"1","layout":"right-sidebar","sidebar":"default-sidebar","second_sidebar":"default-sidebar","sticky_sidebar":"1","share_position":"top","share_float_style":"share-monocrhome","show_share_counter":"1","show_view_counter":"1","show_featured":"1","show_post_meta":"1","show_post_author":"1","show_post_author_image":"1","show_post_date":"1","post_date_format":"default","post_date_format_custom":"Y\/m\/d","show_post_category":"1","show_post_reading_time":"0","post_reading_time_wpm":"300","post_calculate_word_method":"str_word_count","show_zoom_button":"0","zoom_button_out_step":"2","zoom_button_in_step":"3","show_post_tag":"1","show_popup_post":"1","show_comment_section":"1","number_popup_post":"1","show_author_box":"1","show_post_related":"0","show_inline_post_related":"0"}],"image_override":[{"single_post_thumbnail_size":"crop-715","single_post_gallery_size":"crop-500"}],"trending_post_position":"meta","trending_post_label":"Trending","sponsored_post_label":"Sponsored by","disable_ad":"0"},"jnews_primary_category":[],"jnews_social_meta":[],"jnews_override_counter":{"view_counter_number":"0","share_counter_number":"0","like_counter_number":"0","dislike_counter_number":"0"},"jnews_post_split":{"post_split":[{"template":"1","tag":"h2","numbering":"asc","mode":"normal","first":"0","enable_toc":"0","toc_type":"normal"}]},"footnotes":""},"categories":[84],"tags":[],"class_list":["post-2142","post","type-post","status-publish","format-standard","has-post-thumbnail","hentry","category-showbiz"],"_links":{"self":[{"href":"https:\/\/shetshqip.com\/index.php?rest_route=\/wp\/v2\/posts\/2142","targetHints":{"allow":["GET"]}}],"collection":[{"href":"https:\/\/shetshqip.com\/index.php?rest_route=\/wp\/v2\/posts"}],"about":[{"href":"https:\/\/shetshqip.com\/index.php?rest_route=\/wp\/v2\/types\/post"}],"author":[{"embeddable":true,"href":"https:\/\/shetshqip.com\/index.php?rest_route=\/wp\/v2\/users\/1"}],"replies":[{"embeddable":true,"href":"https:\/\/shetshqip.com\/index.php?rest_route=%2Fwp%2Fv2%2Fcomments&post=2142"}],"version-history":[{"count":1,"href":"https:\/\/shetshqip.com\/index.php?rest_route=\/wp\/v2\/posts\/2142\/revisions"}],"predecessor-version":[{"id":2144,"href":"https:\/\/shetshqip.com\/index.php?rest_route=\/wp\/v2\/posts\/2142\/revisions\/2144"}],"wp:featuredmedia":[{"embeddable":true,"href":"https:\/\/shetshqip.com\/index.php?rest_route=\/wp\/v2\/media\/2143"}],"wp:attachment":[{"href":"https:\/\/shetshqip.com\/index.php?rest_route=%2Fwp%2Fv2%2Fmedia&parent=2142"}],"wp:term":[{"taxonomy":"category","embeddable":true,"href":"https:\/\/shetshqip.com\/index.php?rest_route=%2Fwp%2Fv2%2Fcategories&post=2142"},{"taxonomy":"post_tag","embeddable":true,"href":"https:\/\/shetshqip.com\/index.php?rest_route=%2Fwp%2Fv2%2Ftags&post=2142"}],"curies":[{"name":"wp","href":"https:\/\/api.w.org\/{rel}","templated":true}]}}