{"id":2128,"date":"2026-01-20T11:54:56","date_gmt":"2026-01-20T11:54:56","guid":{"rendered":"https:\/\/shetshqip.com\/?p=2128"},"modified":"2026-01-20T11:54:56","modified_gmt":"2026-01-20T11:54:56","slug":"rama-pranon-ftesen-e-trump-per-bordin-e-paqes-se-shpejti-i-percillet-kuvendit-per-miratim","status":"publish","type":"post","link":"https:\/\/shetshqip.com\/?p=2128","title":{"rendered":"Rama pranon ftes\u00ebn e Trump p\u00ebr Bordin e Paqes: S\u00eb shpejti i p\u00ebrcillet Kuvendit p\u00ebr miratim"},"content":{"rendered":"<p>Kryeministri Edi Rama i ka kthyer p\u00ebrgjigje Presidentit t\u00eb SHBA-ve, Donald Trump, pas ftes\u00ebs s\u00eb k\u00ebtij t\u00eb fundit q\u00eb Shqip\u00ebria t\u00eb marr\u00eb pjes\u00eb n\u00eb Bordin e Paqes. N\u00eb nj\u00eb postim n\u00eb rrjetet sociale ku ka shp\u00ebrndar\u00eb edhe letr\u00ebn e plot\u00eb, Rama shkruan se ky angazhim i Shqip\u00ebris\u00eb p\u00ebr t\u00eb qen\u00eb pjes\u00eb e Bordit do t\u2019i p\u00ebrcillet s\u00eb shpejti Kuvendit p\u00ebr miratim.<\/p>\n<p><em>\u201cSot i p\u00ebrcolla Presidentit Donald J. Trump p\u00ebrgjigjen e ftes\u00ebs s\u00eb tij p\u00ebr t\u00eb marr\u00eb pjes\u00eb n\u00eb Bordin e Paqes. S\u00eb shpejti angazhimi yn\u00eb do t\u2019i p\u00ebrcillet Kuvendit t\u00eb Shqip\u00ebris\u00eb p\u00ebr miratim\u201d,<\/em>\u00a0tha Rama.<\/p>\n<div class=\"bnr-wrapper\">\n<div id=\"div-dynamic-banner-pc1\" data-google-query-id=\"COSc9pOHmpIDFS_aDQkdYvwNGQ\">\n<div id=\"google_ads_iframe_\/197741849\/klan__section_5_1__container__\"><\/div>\n<\/div>\n<\/div>\n<p>N\u00eb letr\u00ebn e tij, Rama vler\u00ebson angazhimin e Trump p\u00ebr themelimin e Bordit t\u00eb Paqes dhe fal\u00ebnderimin p\u00ebr t\u00eb ftuar at\u00eb personalisht p\u00ebr t\u00eb qen\u00eb pjes\u00eb e tij dhe Shqip\u00ebrin\u00eb si an\u00ebtare themeluese.<\/p>\n<p><em>\u201cN\u00eb nj\u00eb koh\u00eb kur konfliktet dhe p\u00ebr\u00e7arja dominojn\u00eb shum\u00eb shpesh panoram\u00ebn nd\u00ebrkomb\u00ebtare, paqja duhet t\u00eb form\u00ebsohet aktivisht e jo t\u00eb pritet pasivisht a diskutohet pafund\u00ebsisht n\u00ebp\u00ebr forume politike, teksa p\u00ebrreth globit jet\u00eb t\u00eb pafajshme humbasin kot\u00ebsisht \u00e7do minut\u00eb. Bordi i Paqes shfaqet si mish\u00ebrimi i k\u00ebsaj domosdoshm\u00ebrie urgjente\u201d,<\/em>\u00a0shkruan Rama.<\/p>\n<p>Ai shpreh gatishm\u00ebrin\u00eb e plot\u00eb p\u00ebr t\u00eb kontribuar n\u00eb k\u00ebt\u00eb p\u00ebrpjekje.<\/p>\n<p><em>\u201cPrandaj, \u00ebsht\u00eb nj\u00ebkoh\u00ebsisht privilegj dhe nder t\u00eb shpreh gatishm\u00ebrin\u00eb time t\u00eb plot\u00eb p\u00ebr t\u00eb kontribuar n\u00eb k\u00ebt\u00eb p\u00ebrpjekje t\u00eb r\u00ebnd\u00ebsishme dhe p\u00ebr t\u2019u b\u00ebr\u00eb t\u00ebr\u00ebsisht pjes\u00eb e nj\u00eb angazhimi t\u00eb p\u00ebrbashk\u00ebt q\u00eb synon ta p\u00ebrkthej\u00eb vizionin n\u00eb veprim. Republika e Shqip\u00ebris\u00eb ka qen\u00eb prej koh\u00ebsh nj\u00eb aleate e pal\u00ebkundur e Shteteve t\u00eb Bashkuara t\u00eb Amerik\u00ebs, e lidhur nga vlera t\u00eb p\u00ebrbashk\u00ebta, respekt i nd\u00ebrsjell\u00eb dhe nj\u00eb p\u00ebrkushtim i p\u00ebrbashk\u00ebt ndaj liris\u00eb, demokracis\u00eb dhe siguris\u00eb nd\u00ebrkomb\u00ebtare\u201d,<\/em>\u00a0shkruan nd\u00ebr t\u00eb tjera Rama.<\/p>\n<hr class=\"wp-block-separator has-alpha-channel-opacity\" \/>\n<p><strong>Letra e plot\u00eb<\/strong><\/p>\n<p><em>Republika e Shqip\u00ebris\u00eb<\/em><\/p>\n<p><em>Kryeministri<\/em><\/p>\n<p><em>Tiran\u00eb, 19 janar 2026<\/em><\/p>\n<p><em>Shk\u00eblqesis\u00eb s\u00eb Tij Z. Donald J. Trump<\/em><\/p>\n<p><em>President i Shteteve t\u00eb Bashkuara t\u00eb Amerik\u00ebs<\/em><\/p>\n<p><em>Washington, DC<\/em><\/p>\n<p><em>I nderuar Zoti President,<\/em><\/p>\n<p><em>Po ju shkruaj p\u00ebr t\u00eb shprehur vler\u00ebsimin tim m\u00eb t\u00eb thell\u00eb p\u00ebr angazhimin tuaj t\u00eb fort\u00eb dhe udh\u00ebheqjen vizionare n\u00eb themelimin e Bordit t\u00eb Paqes, si edhe p\u00ebr t\u2019ju fal\u00ebnderuar sinqerisht p\u00ebr ftes\u00ebn q\u00eb m\u00eb keni drejtuar personalisht p\u00ebr t\u00eb qen\u00eb pjes\u00eb e tij, si edhe p\u00ebr ftes\u00ebn drejtuar vendit tim, Republik\u00ebs s\u00eb Shqip\u00ebris\u00eb, p\u00ebr t\u00eb sh\u00ebrbyer si an\u00ebtare themeluese.<\/em><\/p>\n<p><em>N\u00eb nj\u00eb koh\u00eb kur konfliktet dhe p\u00ebr\u00e7arja dominojn\u00eb shum\u00eb shpesh panoram\u00ebn nd\u00ebrkomb\u00ebtare, paqja duhet t\u00eb form\u00ebsohet aktivisht e jo t\u00eb pritet pasivisht a diskutohet pafund\u00ebsisht n\u00ebp\u00ebr forume politike, teksa p\u00ebrreth globit jet\u00eb t\u00eb pafajshme humbasin kot\u00ebsisht \u00e7do minut\u00eb. Bordi i Paqes shfaqet si mish\u00ebrimi i k\u00ebsaj domosdoshm\u00ebrie urgjente.<\/em><\/p>\n<p><em>Duke trajtuar nj\u00ebkoh\u00ebsisht pasojat e menj\u00ebhershme t\u00eb konflikteve dhe shkaqet m\u00eb t\u00eb thella strukturore q\u00eb e prodhojn\u00eb paq\u00ebndrueshm\u00ebrin\u00eb, kjo nism\u00eb ka potencialin t\u00eb shnd\u00ebrrohet n\u00eb nj\u00eb model v\u00ebrtet\u00eb transformues t\u00eb nd\u00ebrtimit t\u00eb paqes n\u00eb nivel global.<\/em><\/p>\n<p><em>Duket qart\u00eb se p\u00ebr t\u00eb qen\u00eb nj\u00eb organizat\u00eb e re nd\u00ebrkomb\u00ebtare, Bordi i Paqes nuk \u00ebsht\u00eb konceptuar si nj\u00eb forum tjet\u00ebr deklaratash, procedurash dhe p\u00ebrgjegj\u00ebsish t\u00eb shtyra n\u00eb koh\u00eb, por si nj\u00eb instrument i p\u00ebrqendruar dhe q\u00ebllimplot\u00eb i udh\u00ebheqjes dhe p\u00ebrgjegj\u00ebsis\u00eb globale.<\/em><\/p>\n<p><em>Kur filtrohet pafund\u00ebsisht p\u00ebrmes shtresave t\u00eb procedurave, paqja shum\u00eb shpesh mb\u00ebrrin tep\u00ebr von\u00eb; kjo nism\u00eb mish\u00ebron me plot t\u00eb drejt\u00eb kuptimin se koha, qart\u00ebsia e mandatit dhe p\u00ebrgjegj\u00ebsia personale n\u00eb nivelin m\u00eb t\u00eb lart\u00eb jan\u00eb vet\u00eb instrumente t\u00eb paqes.<\/em><\/p>\n<p><em>Prandaj, \u00ebsht\u00eb nj\u00ebkoh\u00ebsisht privilegj dhe nder t\u00eb shpreh gatishm\u00ebrin\u00eb time t\u00eb plot\u00eb p\u00ebr t\u00eb kontribuar n\u00eb k\u00ebt\u00eb p\u00ebrpjekje t\u00eb r\u00ebnd\u00ebsishme dhe p\u00ebr t\u2019u b\u00ebr\u00eb t\u00ebr\u00ebsisht pjes\u00eb e nj\u00eb angazhimi t\u00eb p\u00ebrbashk\u00ebt q\u00eb synon ta p\u00ebrkthej\u00eb vizionin n\u00eb veprim.<\/em><\/p>\n<p><em>Republika e Shqip\u00ebris\u00eb ka qen\u00eb prej koh\u00ebsh nj\u00eb aleate e pal\u00ebkundur e Shteteve t\u00eb Bashkuara t\u00eb Amerik\u00ebs, e lidhur nga vlera t\u00eb p\u00ebrbashk\u00ebta, respekt i nd\u00ebrsjell\u00eb dhe nj\u00eb p\u00ebrkushtim i p\u00ebrbashk\u00ebt ndaj liris\u00eb, demokracis\u00eb dhe siguris\u00eb nd\u00ebrkomb\u00ebtare.<\/em><\/p>\n<p><em>Populli shqiptar do ta kujtoj\u00eb gjithmon\u00eb dhe do ta \u00e7moj\u00eb vazhdimisht rolin parimor dhe vendimtar t\u00eb Shteteve t\u00eb Bashkuara t\u00eb Amerik\u00ebs, drejt vendosjes s\u00eb paqes dhe stabilitetit n\u00eb rajonin ton\u00eb n\u00eb momente kritike t\u00eb historis\u00eb son\u00eb t\u00eb p\u00ebrbashk\u00ebt. N\u00eb k\u00ebt\u00eb frym\u00eb t\u00eb q\u00ebndrueshme partneriteti, d\u00ebshiroj t\u00eb ritheksoj se Republika e Shqip\u00ebris\u00eb q\u00ebndron me vendosm\u00ebri p\u00ebrkrah Shteteve t\u00eb Bashkuara t\u00eb Amerik\u00ebs, n\u00eb t\u00eb gjitha p\u00ebrpjekjet p\u00ebr promovimin e paqes, siguris\u00eb dhe angazhimit konstruktiv global.<\/em><\/p>\n<p><em>Duke pritur me interes t\u00eb kontribuoj n\u00eb suksesin e misionit t\u00eb Bordit t\u00eb Paqes, ju lutem pranoni, Zoti President dhe Kryetar i Bordit, shprehjen e konsiderat\u00ebs sime m\u00eb t\u00eb lart\u00eb.<\/em><\/p>\n<p><em>Me respekt, Edi Rama<\/em><\/p>\n<div class=\"twitter-tweet twitter-tweet-rendered\"><iframe id=\"twitter-widget-0\" class=\"\" title=\"X Post\" src=\"https:\/\/platform.twitter.com\/embed\/Tweet.html?creatorScreenName=rtvklan&amp;dnt=false&amp;embedId=twitter-widget-0&amp;features=eyJ0ZndfdGltZWxpbmVfbGlzdCI6eyJidWNrZXQiOltdLCJ2ZXJzaW9uIjpudWxsfSwidGZ3X2ZvbGxvd2VyX2NvdW50X3N1bnNldCI6eyJidWNrZXQiOnRydWUsInZlcnNpb24iOm51bGx9LCJ0ZndfdHdlZXRfZWRpdF9iYWNrZW5kIjp7ImJ1Y2tldCI6Im9uIiwidmVyc2lvbiI6bnVsbH0sInRmd19yZWZzcmNfc2Vzc2lvbiI6eyJidWNrZXQiOiJvbiIsInZlcnNpb24iOm51bGx9LCJ0ZndfZm9zbnJfc29mdF9pbnRlcnZlbnRpb25zX2VuYWJsZWQiOnsiYnVja2V0Ijoib24iLCJ2ZXJzaW9uIjpudWxsfSwidGZ3X21peGVkX21lZGlhXzE1ODk3Ijp7ImJ1Y2tldCI6InRyZWF0bWVudCIsInZlcnNpb24iOm51bGx9LCJ0ZndfZXhwZXJpbWVudHNfY29va2llX2V4cGlyYXRpb24iOnsiYnVja2V0IjoxMjA5NjAwLCJ2ZXJzaW9uIjpudWxsfSwidGZ3X3Nob3dfYmlyZHdhdGNoX3Bpdm90c19lbmFibGVkIjp7ImJ1Y2tldCI6Im9uIiwidmVyc2lvbiI6bnVsbH0sInRmd19kdXBsaWNhdGVfc2NyaWJlc190b19zZXR0aW5ncyI6eyJidWNrZXQiOiJvbiIsInZlcnNpb24iOm51bGx9LCJ0ZndfdXNlX3Byb2ZpbGVfaW1hZ2Vfc2hhcGVfZW5hYmxlZCI6eyJidWNrZXQiOiJvbiIsInZlcnNpb24iOm51bGx9LCJ0ZndfdmlkZW9faGxzX2R5bmFtaWNfbWFuaWZlc3RzXzE1MDgyIjp7ImJ1Y2tldCI6InRydWVfYml0cmF0ZSIsInZlcnNpb24iOm51bGx9LCJ0ZndfbGVnYWN5X3RpbWVsaW5lX3N1bnNldCI6eyJidWNrZXQiOnRydWUsInZlcnNpb24iOm51bGx9LCJ0ZndfdHdlZXRfZWRpdF9mcm9udGVuZCI6eyJidWNrZXQiOiJvbiIsInZlcnNpb24iOm51bGx9fQ%3D%3D&amp;frame=false&amp;hideCard=false&amp;hideThread=false&amp;id=2013558123403882817&amp;lang=en&amp;origin=https%3A%2F%2Ftvklan.al%2Frama-i-pergjigjet-fteses-se-trump-per-bordin-e-paqes-se-shpejti-kalon-ne-kuvend-per-miratim&amp;sessionId=fb26d8e20e86f9f33a10dbb80ae6d32b2376291d&amp;siteScreenName=rtvklan&amp;theme=light&amp;widgetsVersion=2615f7e52b7e0%3A1702314776716&amp;width=550px\" frameborder=\"0\" scrolling=\"no\" allowfullscreen=\"allowfullscreen\" data-tweet-id=\"2013558123403882817\" data-mce-fragment=\"1\"><\/iframe><\/div>\n<hr class=\"wp-block-separator has-alpha-channel-opacity\" \/>\n<p>Kujtojm\u00eb se nj\u00eb dit\u00eb m\u00eb par\u00eb, ministrja p\u00ebr Europ\u00ebn dhe Pun\u00ebt e Jashtme, Elisa Spiropali, deklaroi se ftesa \u00ebsht\u00eb nj\u00eb vler\u00ebsim i lart\u00eb q\u00eb i \u00ebsht\u00eb b\u00ebr\u00eb Shqip\u00ebris\u00eb nga presidenti amerikan, Donald Trump. Ajo kritikoi reagimet e shumta q\u00eb kan\u00eb qarkulluar n\u00eb media dhe nga opozita duke hedhur posht\u00eb deklaratat se an\u00ebtar\u00ebsimi n\u00eb bord \u00ebsht\u00eb me pages\u00eb.<\/p>\n<p>P\u00ebr k\u00ebt\u00eb ka reaguar edhe kryeministri Edi Rama i cili \u00ebsht\u00eb shprehur se \u00ebsht\u00eb g\u00ebnjesht\u00ebr q\u00eb p\u00ebr t\u2019u an\u00ebtar\u00ebsuar n\u00eb Bordin e Paqes duhen 1 miliard dollar\u00eb, se do t\u00eb sillen palestinez\u00eb n\u00eb Shqip\u00ebri apo se aty marrin pjes\u00eb t\u00eb gjitha vendet e OKB-s\u00eb.<\/p>\n<p>Presidenti amerikan Donald Trump njoftoi krijimin e nj\u00eb Bordi p\u00ebr Paqen (Board of Peace) p\u00ebr t\u00eb mbik\u00ebqyrur zbatimin e nj\u00eb plani 20-pik\u00ebsh p\u00ebr Gaz\u00ebn, nj\u00eb iniciativ\u00eb q\u00eb synon t\u00eb \u00e7oj\u00eb drejt paqes mes izraelit\u00ebve dhe palestinez\u00ebve. Por n\u00eb fokus t\u00eb saj nuk do t\u00eb jet\u00eb vet\u00ebm kjo \u00e7\u00ebshtje, por t\u00eb gjitha konfliktet n\u00eb bot\u00eb.<\/p>\n<p>&nbsp;<\/p>\n","protected":false},"excerpt":{"rendered":"<p>Kryeministri Edi Rama i ka kthyer p\u00ebrgjigje Presidentit t\u00eb SHBA-ve, Donald Trump, pas ftes\u00ebs s\u00eb k\u00ebtij t\u00eb fundit q\u00eb Shqip\u00ebria t\u00eb marr\u00eb pjes\u00eb n\u00eb Bordin e Paqes. N\u00eb nj\u00eb postim n\u00eb rrjetet sociale ku ka shp\u00ebrndar\u00eb edhe letr\u00ebn e plot\u00eb, Rama shkruan se ky angazhim i Shqip\u00ebris\u00eb p\u00ebr t\u00eb qen\u00eb pjes\u00eb e Bordit do t\u2019i [&hellip;]<\/p>\n","protected":false},"author":1,"featured_media":2129,"comment_status":"open","ping_status":"open","sticky":false,"template":"","format":"standard","meta":{"jnews-multi-image_gallery":[],"jnews_single_post":{"subtitle":"","format":"standard","override":[{"template":"1","parallax":"1","fullscreen":"1","layout":"right-sidebar","sidebar":"default-sidebar","second_sidebar":"default-sidebar","sticky_sidebar":"1","share_position":"top","share_float_style":"share-monocrhome","show_share_counter":"1","show_view_counter":"1","show_featured":"1","show_post_meta":"1","show_post_author":"1","show_post_author_image":"1","show_post_date":"1","post_date_format":"default","post_date_format_custom":"Y\/m\/d","show_post_category":"1","show_post_reading_time":"0","post_reading_time_wpm":"300","post_calculate_word_method":"str_word_count","show_zoom_button":"0","zoom_button_out_step":"2","zoom_button_in_step":"3","show_post_tag":"1","show_popup_post":"1","show_comment_section":"1","number_popup_post":"1","show_author_box":"1","show_post_related":"0","show_inline_post_related":"0"}],"image_override":[{"single_post_thumbnail_size":"crop-715","single_post_gallery_size":"crop-500"}],"trending_post_position":"meta","trending_post_label":"Trending","sponsored_post_label":"Sponsored by","disable_ad":"0"},"jnews_primary_category":[],"jnews_social_meta":[],"jnews_override_counter":{"view_counter_number":"0","share_counter_number":"0","like_counter_number":"0","dislike_counter_number":"0"},"jnews_post_split":{"post_split":[{"template":"1","tag":"h2","numbering":"asc","mode":"normal","first":"0","enable_toc":"0","toc_type":"normal"}]},"footnotes":""},"categories":[83],"tags":[],"class_list":["post-2128","post","type-post","status-publish","format-standard","has-post-thumbnail","hentry","category-lajme"],"_links":{"self":[{"href":"https:\/\/shetshqip.com\/index.php?rest_route=\/wp\/v2\/posts\/2128","targetHints":{"allow":["GET"]}}],"collection":[{"href":"https:\/\/shetshqip.com\/index.php?rest_route=\/wp\/v2\/posts"}],"about":[{"href":"https:\/\/shetshqip.com\/index.php?rest_route=\/wp\/v2\/types\/post"}],"author":[{"embeddable":true,"href":"https:\/\/shetshqip.com\/index.php?rest_route=\/wp\/v2\/users\/1"}],"replies":[{"embeddable":true,"href":"https:\/\/shetshqip.com\/index.php?rest_route=%2Fwp%2Fv2%2Fcomments&post=2128"}],"version-history":[{"count":1,"href":"https:\/\/shetshqip.com\/index.php?rest_route=\/wp\/v2\/posts\/2128\/revisions"}],"predecessor-version":[{"id":2130,"href":"https:\/\/shetshqip.com\/index.php?rest_route=\/wp\/v2\/posts\/2128\/revisions\/2130"}],"wp:featuredmedia":[{"embeddable":true,"href":"https:\/\/shetshqip.com\/index.php?rest_route=\/wp\/v2\/media\/2129"}],"wp:attachment":[{"href":"https:\/\/shetshqip.com\/index.php?rest_route=%2Fwp%2Fv2%2Fmedia&parent=2128"}],"wp:term":[{"taxonomy":"category","embeddable":true,"href":"https:\/\/shetshqip.com\/index.php?rest_route=%2Fwp%2Fv2%2Fcategories&post=2128"},{"taxonomy":"post_tag","embeddable":true,"href":"https:\/\/shetshqip.com\/index.php?rest_route=%2Fwp%2Fv2%2Ftags&post=2128"}],"curies":[{"name":"wp","href":"https:\/\/api.w.org\/{rel}","templated":true}]}}