{"id":1980,"date":"2025-12-31T09:11:53","date_gmt":"2025-12-31T09:11:53","guid":{"rendered":"https:\/\/shetshqip.com\/?p=1980"},"modified":"2025-12-31T09:11:53","modified_gmt":"2025-12-31T09:11:53","slug":"191-5-mln-leke-per-demet-nga-zjarret-nis-kompensimi-per-10-bashki","status":"publish","type":"post","link":"https:\/\/shetshqip.com\/?p=1980","title":{"rendered":"191.5 mln lek\u00eb p\u00ebr d\u00ebmet nga zjarret, nis kompensimi p\u00ebr 10 bashki"},"content":{"rendered":"<p><strong>31 dhjetor 2025<\/strong>\u00a0\u2013 Ka nisur kompensimi i\u00a0<strong>d\u00ebmeve t\u00eb shkaktuara nga zjarret\u00a0<\/strong>gjat\u00eb periudh\u00ebs 15 qershor-15 shtator 2025.<\/p>\n<p>Agjencia Komb\u00ebtare e Mbrojtjes Civile ka v\u00ebn\u00eb n\u00eb dispozicion t\u00eb\u00a0<strong>10 bashkive<\/strong> nj\u00eb fond prej 191.5 milion\u00eb lek\u00ebsh, pas p\u00ebrfundimit t\u00eb procesit t\u00eb vler\u00ebsimit dhe verifikimit t\u00eb plot\u00eb t\u00eb d\u00ebmeve.<\/p>\n<p>Lajmi \u00ebsht\u00eb b\u00ebr\u00eb i ditur nga ministri i Mbrojtjes, Pirro Vengu, i cili thekson se fondet po disbursohen p\u00ebr t\u00eb mb\u00ebshtetur familjet dhe komunitetet e prekura nga zjarret.<\/p>\n<p><iframe src=\"https:\/\/www.facebook.com\/plugins\/video.php?height=476&amp;href=https%3A%2F%2Fwww.facebook.com%2Freel%2F897160035998116%2F&amp;show_text=false&amp;width=267&amp;t=0\" width=\"267\" height=\"476\" frameborder=\"0\" scrolling=\"no\" allowfullscreen=\"allowfullscreen\" data-mce-fragment=\"1\"><\/iframe><\/p>\n<hr class=\"wp-block-separator has-text-color has-vivid-red-color has-alpha-channel-opacity has-vivid-red-background-color has-background\" \/>\n<p>Vler\u00ebsimi p\u00ebr d\u00ebmet e shkaktuara nga zjarret jan\u00eb kryer n\u00eb \u00e7do bashki t\u00eb prekur, sipas nj\u00eb procedure t\u00eb posa\u00e7me.<\/p>\n<p>Procesi nisi me evidentimin n\u00eb terren nga Grupi i Konstatimit p\u00ebr inventarizimin e d\u00ebmeve, i ngritur me urdh\u00ebr t\u00eb kryetarit t\u00eb secil\u00ebs bashki. Ky grup ka regjistruar d\u00ebmet n\u00eb banesa, infrastruktur\u00eb, biznese, kultura bujq\u00ebsore, mjete mekanike dhe objekte social-kulturore, duke plot\u00ebsuar formular\u00eb me kostot financiare p\u00ebrkat\u00ebse.<\/p>\n<p>Pas k\u00ebtij hapi, bashkit\u00eb kan\u00eb hartuar listat e subjekteve t\u00eb d\u00ebmtuara dhe dokumentacionin shoq\u00ebrues p\u00ebr vler\u00ebsim financiar. N\u00eb baz\u00eb t\u00eb vler\u00ebsimit, \u00e7do bashki ka p\u00ebrcaktuar koston e kompensimit.<\/p>\n","protected":false},"excerpt":{"rendered":"<p>31 dhjetor 2025\u00a0\u2013 Ka nisur kompensimi i\u00a0d\u00ebmeve t\u00eb shkaktuara nga zjarret\u00a0gjat\u00eb periudh\u00ebs 15 qershor-15 shtator 2025. Agjencia Komb\u00ebtare e Mbrojtjes Civile ka v\u00ebn\u00eb n\u00eb dispozicion t\u00eb\u00a010 bashkive nj\u00eb fond prej 191.5 milion\u00eb lek\u00ebsh, pas p\u00ebrfundimit t\u00eb procesit t\u00eb vler\u00ebsimit dhe verifikimit t\u00eb plot\u00eb t\u00eb d\u00ebmeve. Lajmi \u00ebsht\u00eb b\u00ebr\u00eb i ditur nga ministri i Mbrojtjes, Pirro [&hellip;]<\/p>\n","protected":false},"author":1,"featured_media":1981,"comment_status":"open","ping_status":"open","sticky":false,"template":"","format":"standard","meta":{"jnews-multi-image_gallery":[],"jnews_single_post":{"subtitle":"","format":"standard","override":[{"template":"1","parallax":"1","fullscreen":"1","layout":"right-sidebar","sidebar":"default-sidebar","second_sidebar":"default-sidebar","sticky_sidebar":"1","share_position":"top","share_float_style":"share-monocrhome","show_share_counter":"1","show_view_counter":"1","show_featured":"1","show_post_meta":"1","show_post_author":"1","show_post_author_image":"1","show_post_date":"1","post_date_format":"default","post_date_format_custom":"Y\/m\/d","show_post_category":"1","show_post_reading_time":"0","post_reading_time_wpm":"300","post_calculate_word_method":"str_word_count","show_zoom_button":"0","zoom_button_out_step":"2","zoom_button_in_step":"3","show_post_tag":"1","show_popup_post":"1","show_comment_section":"1","number_popup_post":"1","show_author_box":"1","show_post_related":"0","show_inline_post_related":"0"}],"image_override":[{"single_post_thumbnail_size":"crop-715","single_post_gallery_size":"crop-500"}],"trending_post_position":"meta","trending_post_label":"Trending","sponsored_post_label":"Sponsored by","disable_ad":"0"},"jnews_primary_category":[],"jnews_social_meta":[],"jnews_override_counter":{"view_counter_number":"0","share_counter_number":"0","like_counter_number":"0","dislike_counter_number":"0"},"jnews_post_split":{"post_split":[{"template":"1","tag":"h2","numbering":"asc","mode":"normal","first":"0","enable_toc":"0","toc_type":"normal"}]},"footnotes":""},"categories":[83],"tags":[],"class_list":["post-1980","post","type-post","status-publish","format-standard","has-post-thumbnail","hentry","category-lajme"],"_links":{"self":[{"href":"https:\/\/shetshqip.com\/index.php?rest_route=\/wp\/v2\/posts\/1980","targetHints":{"allow":["GET"]}}],"collection":[{"href":"https:\/\/shetshqip.com\/index.php?rest_route=\/wp\/v2\/posts"}],"about":[{"href":"https:\/\/shetshqip.com\/index.php?rest_route=\/wp\/v2\/types\/post"}],"author":[{"embeddable":true,"href":"https:\/\/shetshqip.com\/index.php?rest_route=\/wp\/v2\/users\/1"}],"replies":[{"embeddable":true,"href":"https:\/\/shetshqip.com\/index.php?rest_route=%2Fwp%2Fv2%2Fcomments&post=1980"}],"version-history":[{"count":1,"href":"https:\/\/shetshqip.com\/index.php?rest_route=\/wp\/v2\/posts\/1980\/revisions"}],"predecessor-version":[{"id":1983,"href":"https:\/\/shetshqip.com\/index.php?rest_route=\/wp\/v2\/posts\/1980\/revisions\/1983"}],"wp:featuredmedia":[{"embeddable":true,"href":"https:\/\/shetshqip.com\/index.php?rest_route=\/wp\/v2\/media\/1981"}],"wp:attachment":[{"href":"https:\/\/shetshqip.com\/index.php?rest_route=%2Fwp%2Fv2%2Fmedia&parent=1980"}],"wp:term":[{"taxonomy":"category","embeddable":true,"href":"https:\/\/shetshqip.com\/index.php?rest_route=%2Fwp%2Fv2%2Fcategories&post=1980"},{"taxonomy":"post_tag","embeddable":true,"href":"https:\/\/shetshqip.com\/index.php?rest_route=%2Fwp%2Fv2%2Ftags&post=1980"}],"curies":[{"name":"wp","href":"https:\/\/api.w.org\/{rel}","templated":true}]}}