{"id":1885,"date":"2025-12-23T09:16:23","date_gmt":"2025-12-23T09:16:23","guid":{"rendered":"https:\/\/shetshqip.com\/?p=1885"},"modified":"2025-12-23T09:16:23","modified_gmt":"2025-12-23T09:16:23","slug":"enrique-iglesias-dhe-anna-kournikova-behen-prinder-per-here-te-katert","status":"publish","type":"post","link":"https:\/\/shetshqip.com\/?p=1885","title":{"rendered":"Enrique Iglesias dhe Anna Kournikova b\u00ebhen prind\u00ebr p\u00ebr her\u00eb t\u00eb kat\u00ebrt"},"content":{"rendered":"<p class=\"p1\"><span class=\"s1\">Familja e Enrique Iglesias dhe Anna Kournikova \u00ebsht\u00eb zgjeruar edhe nj\u00eb her\u00eb. K\u00ebng\u00ebtari i njohur, 50 vje\u00e7, dhe ish-tenistja profesioniste, 44 vje\u00e7e, kan\u00eb mir\u00ebpritur f\u00ebmij\u00ebn e tyre t\u00eb kat\u00ebrt t\u00eb m\u00ebrkur\u00ebn, m\u00eb 17 dhjetor. Lajmi i bukur u nda me publikun p\u00ebrmes nj\u00eb postimi t\u00eb p\u00ebrbashk\u00ebt n\u00eb Instagram, t\u00eb publikuar t\u00eb h\u00ebn\u00ebn, m\u00eb 22 dhjetor.<\/span><\/p>\n<p class=\"p1\"><span class=\"s1\">\u00c7ifti publikoi nj\u00eb foto t\u00eb \u00ebmb\u00ebl t\u00eb t\u00eb porsalindurit, t\u00eb mb\u00ebshtjell\u00eb me nj\u00eb batanije dhe me nj\u00eb kapele spitali, nd\u00ebrsa q\u00ebndronte pran\u00eb nj\u00eb lodre pellushi. \u201cMy Sunshine 12.17.2025\u201d, shkruanin ata n\u00eb p\u00ebrshkrimin e fotos, pa zbuluar ende emrin apo gjinin\u00eb e foshnj\u00ebs<\/span><span class=\"s1\">.<\/span><\/p>\n<p class=\"p1\"><span class=\"s1\">F\u00ebmija i kat\u00ebrt i bashkohet binjak\u00ebve Lucy dhe Nicholas, t\u00eb dy 8 vje\u00e7, si dhe vajz\u00ebs s\u00eb tyre Mary, 5 vje\u00e7e. Nj\u00eb burim p\u00ebr revist\u00ebn\u00a0<\/span><span class=\"s2\">PEOPLE<\/span><span class=\"s1\">\u00a0kishte zbuluar q\u00eb n\u00eb muajin gusht se \u00e7ifti, i cili \u00ebsht\u00eb bashk\u00eb q\u00eb nga viti 2001, po priste nj\u00eb tjet\u00ebr f\u00ebmij\u00eb. Sipas burimit, Anna dhe Enrique jan\u00eb shum\u00eb t\u00eb lumtur q\u00eb po b\u00ebhen prind\u00ebr s\u00ebrish dhe e shijojn\u00eb plot\u00ebsisht procesin e rritjes s\u00eb f\u00ebmij\u00ebve.<\/span><\/p>\n<p class=\"p1\"><span class=\"s1\">Po ashtu, thuhet se Iglesias ka reduktuar turnet\u00eb e tij muzikore p\u00ebr t\u00eb kaluar m\u00eb shum\u00eb koh\u00eb me familjen, pasi roli i babait \u00ebsht\u00eb jasht\u00ebzakonisht i r\u00ebnd\u00ebsish\u00ebm p\u00ebr t\u00eb.<\/span><\/p>\n<p class=\"p1\"><span class=\"s1\">\u00c7ifti u njoh p\u00ebr her\u00eb t\u00eb par\u00eb n\u00eb xhirimet e klipit \u201cEscape\u201d dhe q\u00eb at\u00ebher\u00eb kan\u00eb nd\u00ebrtuar nj\u00eb jet\u00eb familjare t\u00eb qet\u00eb dhe t\u00eb lumtur, larg v\u00ebmendjes s\u00eb tep\u00ebrt mediatike<\/span><\/p>\n<blockquote class=\"instagram-media\" style=\"background: #FFF; border: 0; border-radius: 3px; box-shadow: 0 0 1px 0 rgba(0,0,0,0.5),0 1px 10px 0 rgba(0,0,0,0.15); margin: 1px; max-width: 540px; min-width: 326px; padding: 0; width: calc(100% - 2px);\" data-instgrm-captioned=\"\" data-instgrm-permalink=\"https:\/\/www.instagram.com\/p\/DSlPfcHkakW\/?utm_source=ig_embed&amp;utm_campaign=loading\" data-instgrm-version=\"14\">\n<div style=\"padding: 16px;\">\n<p>&nbsp;<\/p>\n<div style=\"display: flex; flex-direction: row; align-items: center;\">\n<div style=\"background-color: #f4f4f4; border-radius: 50%; flex-grow: 0; height: 40px; margin-right: 14px; width: 40px;\"><\/div>\n<div style=\"display: flex; flex-direction: column; flex-grow: 1; justify-content: center;\">\n<div style=\"background-color: #f4f4f4; border-radius: 4px; flex-grow: 0; height: 14px; margin-bottom: 6px; width: 100px;\"><\/div>\n<div style=\"background-color: #f4f4f4; border-radius: 4px; flex-grow: 0; height: 14px; width: 60px;\"><\/div>\n<\/div>\n<\/div>\n<div style=\"padding: 19% 0;\"><\/div>\n<div style=\"display: block; height: 50px; margin: 0 auto 12px; width: 50px;\"><\/div>\n<div style=\"padding-top: 8px;\">\n<div style=\"color: #3897f0; font-family: Arial,sans-serif; font-size: 14px; font-style: normal; font-weight: 550; line-height: 18px;\">View this post on Instagram<\/div>\n<\/div>\n<div style=\"padding: 12.5% 0;\"><\/div>\n<div style=\"display: flex; flex-direction: row; margin-bottom: 14px; align-items: center;\">\n<div>\n<div style=\"background-color: #f4f4f4; border-radius: 50%; height: 12.5px; width: 12.5px; transform: translateX(0px) translateY(7px);\"><\/div>\n<div style=\"background-color: #f4f4f4; height: 12.5px; transform: rotate(-45deg) translateX(3px) translateY(1px); width: 12.5px; flex-grow: 0; margin-right: 14px; margin-left: 2px;\"><\/div>\n<div style=\"background-color: #f4f4f4; border-radius: 50%; height: 12.5px; width: 12.5px; transform: translateX(9px) translateY(-18px);\"><\/div>\n<\/div>\n<div style=\"margin-left: 8px;\">\n<div style=\"background-color: #f4f4f4; border-radius: 50%; flex-grow: 0; height: 20px; width: 20px;\"><\/div>\n<div style=\"width: 0; height: 0; border-top: 2px solid transparent; border-left: 6px solid #f4f4f4; border-bottom: 2px solid transparent; transform: translateX(16px) translateY(-4px) rotate(30deg);\"><\/div>\n<\/div>\n<div style=\"margin-left: auto;\">\n<div style=\"width: 0px; border-top: 8px solid #F4F4F4; border-right: 8px solid transparent; transform: translateY(16px);\"><\/div>\n<div style=\"background-color: #f4f4f4; flex-grow: 0; height: 12px; width: 16px; transform: translateY(-4px);\"><\/div>\n<div style=\"width: 0; height: 0; border-top: 8px solid #F4F4F4; border-left: 8px solid transparent; transform: translateY(-4px) translateX(8px);\"><\/div>\n<\/div>\n<\/div>\n<div style=\"display: flex; flex-direction: column; flex-grow: 1; justify-content: center; margin-bottom: 24px;\">\n<div style=\"background-color: #f4f4f4; border-radius: 4px; flex-grow: 0; height: 14px; margin-bottom: 6px; width: 224px;\"><\/div>\n<div style=\"background-color: #f4f4f4; border-radius: 4px; flex-grow: 0; height: 14px; width: 144px;\"><\/div>\n<\/div>\n<p>&nbsp;<\/p>\n<p style=\"color: #c9c8cd; font-family: Arial,sans-serif; font-size: 14px; line-height: 17px; margin-bottom: 0; margin-top: 8px; overflow: hidden; padding: 8px 0 7px; text-align: center; text-overflow: ellipsis; white-space: nowrap;\"><a style=\"color: #c9c8cd; font-family: Arial,sans-serif; font-size: 14px; font-style: normal; font-weight: normal; line-height: 17px; text-decoration: none;\" href=\"https:\/\/www.instagram.com\/p\/DSlPfcHkakW\/?utm_source=ig_embed&amp;utm_campaign=loading\" target=\"_blank\" rel=\"noopener\">A post shared by Anna Kournikova Iglesias (@annakournikova)<\/a><\/p>\n<\/div>\n<\/blockquote>\n<p><script async src=\"\/\/www.instagram.com\/embed.js\"><\/script><\/p>\n","protected":false},"excerpt":{"rendered":"<p>Familja e Enrique Iglesias dhe Anna Kournikova \u00ebsht\u00eb zgjeruar edhe nj\u00eb her\u00eb. K\u00ebng\u00ebtari i njohur, 50 vje\u00e7, dhe ish-tenistja profesioniste, 44 vje\u00e7e, kan\u00eb mir\u00ebpritur f\u00ebmij\u00ebn e tyre t\u00eb kat\u00ebrt t\u00eb m\u00ebrkur\u00ebn, m\u00eb 17 dhjetor. Lajmi i bukur u nda me publikun p\u00ebrmes nj\u00eb postimi t\u00eb p\u00ebrbashk\u00ebt n\u00eb Instagram, t\u00eb publikuar t\u00eb h\u00ebn\u00ebn, m\u00eb 22 dhjetor. [&hellip;]<\/p>\n","protected":false},"author":1,"featured_media":1886,"comment_status":"open","ping_status":"open","sticky":false,"template":"","format":"standard","meta":{"jnews-multi-image_gallery":[],"jnews_single_post":{"subtitle":"","format":"standard","override":[{"template":"1","parallax":"1","fullscreen":"1","layout":"right-sidebar","sidebar":"default-sidebar","second_sidebar":"default-sidebar","sticky_sidebar":"1","share_position":"top","share_float_style":"share-monocrhome","show_share_counter":"1","show_view_counter":"1","show_featured":"1","show_post_meta":"1","show_post_author":"1","show_post_author_image":"1","show_post_date":"1","post_date_format":"default","post_date_format_custom":"Y\/m\/d","show_post_category":"1","show_post_reading_time":"0","post_reading_time_wpm":"300","post_calculate_word_method":"str_word_count","show_zoom_button":"0","zoom_button_out_step":"2","zoom_button_in_step":"3","show_post_tag":"1","show_popup_post":"1","show_comment_section":"1","number_popup_post":"1","show_author_box":"1","show_post_related":"0","show_inline_post_related":"0"}],"image_override":[{"single_post_thumbnail_size":"crop-715","single_post_gallery_size":"crop-500"}],"trending_post_position":"meta","trending_post_label":"Trending","sponsored_post_label":"Sponsored by","disable_ad":"0"},"jnews_primary_category":[],"jnews_social_meta":[],"jnews_override_counter":{"view_counter_number":"0","share_counter_number":"0","like_counter_number":"0","dislike_counter_number":"0"},"jnews_post_split":{"post_split":[{"template":"1","tag":"h2","numbering":"asc","mode":"normal","first":"0","enable_toc":"0","toc_type":"normal"}]},"footnotes":""},"categories":[84],"tags":[],"class_list":["post-1885","post","type-post","status-publish","format-standard","has-post-thumbnail","hentry","category-showbiz"],"_links":{"self":[{"href":"https:\/\/shetshqip.com\/index.php?rest_route=\/wp\/v2\/posts\/1885","targetHints":{"allow":["GET"]}}],"collection":[{"href":"https:\/\/shetshqip.com\/index.php?rest_route=\/wp\/v2\/posts"}],"about":[{"href":"https:\/\/shetshqip.com\/index.php?rest_route=\/wp\/v2\/types\/post"}],"author":[{"embeddable":true,"href":"https:\/\/shetshqip.com\/index.php?rest_route=\/wp\/v2\/users\/1"}],"replies":[{"embeddable":true,"href":"https:\/\/shetshqip.com\/index.php?rest_route=%2Fwp%2Fv2%2Fcomments&post=1885"}],"version-history":[{"count":1,"href":"https:\/\/shetshqip.com\/index.php?rest_route=\/wp\/v2\/posts\/1885\/revisions"}],"predecessor-version":[{"id":1887,"href":"https:\/\/shetshqip.com\/index.php?rest_route=\/wp\/v2\/posts\/1885\/revisions\/1887"}],"wp:featuredmedia":[{"embeddable":true,"href":"https:\/\/shetshqip.com\/index.php?rest_route=\/wp\/v2\/media\/1886"}],"wp:attachment":[{"href":"https:\/\/shetshqip.com\/index.php?rest_route=%2Fwp%2Fv2%2Fmedia&parent=1885"}],"wp:term":[{"taxonomy":"category","embeddable":true,"href":"https:\/\/shetshqip.com\/index.php?rest_route=%2Fwp%2Fv2%2Fcategories&post=1885"},{"taxonomy":"post_tag","embeddable":true,"href":"https:\/\/shetshqip.com\/index.php?rest_route=%2Fwp%2Fv2%2Ftags&post=1885"}],"curies":[{"name":"wp","href":"https:\/\/api.w.org\/{rel}","templated":true}]}}