{"id":1877,"date":"2025-12-22T09:39:28","date_gmt":"2025-12-22T09:39:28","guid":{"rendered":"https:\/\/shetshqip.com\/?p=1877"},"modified":"2025-12-22T09:39:28","modified_gmt":"2025-12-22T09:39:28","slug":"pd-proteston-sot-perpara-kryeministrise","status":"publish","type":"post","link":"https:\/\/shetshqip.com\/?p=1877","title":{"rendered":"PD proteston sot p\u00ebrpara Kryeministris\u00eb"},"content":{"rendered":"<p>Partia Demokratike zhvillon sot, m\u00eb 22 dhjetor, protest\u00ebn shum\u00eb t\u00eb paralajm\u00ebruar komb\u00ebtare, p\u00ebrpara godin\u00ebs s\u00eb Kryeministris\u00eb, ku k\u00ebrkon dor\u00ebheqjen e kreut t\u00eb qeveris\u00eb, Edi Rama.<\/p>\n<p>Tubimi \u00ebsht\u00eb paralajm\u00ebruar t\u00eb nis\u00eb n\u00eb or\u00ebn 18:00 n\u00eb bulevardin \u201c<em>D\u00ebshmor\u00ebt e Kombit<\/em>\u201d dhe pritet t\u00eb ket\u00eb nj\u00eb pjes\u00ebmarrje m\u00eb t\u00eb madhe t\u00eb mb\u00ebshtet\u00ebsve t\u00eb opozit\u00ebs, n\u00eb krahasim me pes\u00eb protestat e m\u00ebparshme, t\u00eb zhvilluara n\u00eb form\u00ebn e nj\u00eb \u201cfoltoreje\u201d.<\/p>\n<p>Gjat\u00eb fundjav\u00ebs q\u00eb lam\u00eb pas, eksponent\u00eb t\u00eb ndrysh\u00ebm t\u00eb PD-s\u00eb, mes tyre Flamur Noka, Albana Vokshi, Jola Hysaj, Klevis Balliu dhe Elda Hoti, kan\u00eb zhvilluar takime t\u00eb shumta me qytetar\u00eb n\u00eb zona t\u00eb ndryshme t\u00eb vendit, duke i ftuar ata t\u00eb marrin pjes\u00eb n\u00eb protest\u00ebn e sotme, e cila konsiderohet nga ata si nj\u00eb moment ky\u00e7 n\u00eb aksionin opozitar kund\u00ebr qeveris\u00eb.<\/p>\n<p>Protesta e sotme vjen pas deklaratave t\u00eb forta t\u00eb kreut t\u00eb PD-s\u00eb, Sali Berisha, i cili m\u00eb 20 dhjetor paralajm\u00ebroi se kjo do t\u00eb jet\u00eb vet\u00ebm\u00a0<em><strong><mark class=\"has-inline-color has-vivid-red-color\">fillimi i nj\u00eb rezistence<\/mark><\/strong><\/em><strong><em>\u00a0<\/em><\/strong>m\u00eb t\u00eb gjer\u00eb p\u00ebr rr\u00ebzimin e qeveris\u00eb Rama. N\u00eb nj\u00eb komunikim me mb\u00ebshtet\u00ebsit e tij, Berisha nuk p\u00ebrjashtoi as nisma t\u00eb tjera paralele, p\u00ebrfshir\u00eb akte ekstreme t\u00eb ngujimit apo edhe q\u00ebndrimin e deputet\u00ebve n\u00eb Parlament.<\/p>\n<p>Po ashtu, Berisha artikuloi akuza t\u00eb forta p\u00ebr korrupsion ndaj qeveris\u00eb dhe institucioneve t\u00eb drejt\u00ebsis\u00eb, duke p\u00ebrmendur SPAK-un dhe Gjykat\u00ebn Kushtetuese, t\u00eb cilat sipas tij jan\u00eb v\u00ebn\u00eb n\u00eb sh\u00ebrbim t\u00eb qeveris\u00eb. Ai foli p\u00ebr \u201c<em>zbulime t\u00eb m\u00ebdha<\/em>\u201d gjat\u00eb dit\u00ebve t\u00eb fundit dhe p\u00ebrs\u00ebriti akuzat p\u00ebr afera korruptive q\u00eb p\u00ebrfshijn\u00eb zyrtar\u00eb t\u00eb lart\u00eb t\u00eb mazhoranc\u00ebs<\/p>\n<p>Nj\u00eb dit\u00eb p\u00ebrpara protest\u00ebs, autoritetet kan\u00eb nisur masa t\u00eb shtuara sigurie n\u00eb ambientet p\u00ebrreth Kryeministris\u00eb. Dit\u00ebn e djeshme, n\u00eb fasad\u00ebn p\u00ebrball\u00eb bulevardit \u201c<em>D\u00ebshmor\u00ebt e Kombit<\/em>\u201d jan\u00eb vendosur mburoja metalike, me q\u00ebllim mbrojtjen e institucionit nga incidente t\u00eb mundshme gjat\u00eb tubimit.<\/p>\n<p>Punonj\u00ebs sh\u00ebrbimi jan\u00eb par\u00eb duke montuar strukturat metalike. Edhe pse autoritetet nuk kan\u00eb b\u00ebr\u00eb ende nj\u00eb njoftim zyrtar p\u00ebr planin e plot\u00eb t\u00eb masave t\u00eb siguris\u00eb, p\u00ebrgatitjet n\u00eb terren tregojn\u00eb nj\u00eb gatishm\u00ebri t\u00eb lart\u00eb t\u00eb forcave t\u00eb rendit.<\/p>\n<p>Protesta e sotme pason nj\u00eb seri tubimesh t\u00eb zhvilluara gjat\u00eb jav\u00ebve t\u00eb fundit. M\u00eb 15 dhjetor, PD zhvilloi protest\u00ebn e pest\u00eb radhazi p\u00ebrpara Kryeministris\u00eb, e organizuar n\u00eb form\u00ebn e nj\u00eb \u201c<em>foltoreje<\/em>\u201d, ku deputet\u00eb, p\u00ebrfaq\u00ebsues t\u00eb opozit\u00ebs dhe qytetar\u00eb adresuan akuza dhe denoncime ndaj qeveris\u00eb s\u00eb Edi Ram\u00ebs. N\u00eb p\u00ebrmbyllje t\u00eb asaj proteste, Berisha u shpreh se opozita nuk do t\u00eb largohet nga sheshi deri n\u00eb largimin e kryeministrit, duke theksuar se p\u00ebrballja do t\u00eb vijoj\u00eb p\u00ebrmes protest\u00ebs dhe presionit qytetar<\/p>\n<p>Protesta e 22 dhjetorit shihet nga opozita si nj\u00eb hap i radh\u00ebs drejt intensifikimit t\u00eb aksionit politik kund\u00ebr qeveris\u00eb.<\/p>\n","protected":false},"excerpt":{"rendered":"<p>Partia Demokratike zhvillon sot, m\u00eb 22 dhjetor, protest\u00ebn shum\u00eb t\u00eb paralajm\u00ebruar komb\u00ebtare, p\u00ebrpara godin\u00ebs s\u00eb Kryeministris\u00eb, ku k\u00ebrkon dor\u00ebheqjen e kreut t\u00eb qeveris\u00eb, Edi Rama. Tubimi \u00ebsht\u00eb paralajm\u00ebruar t\u00eb nis\u00eb n\u00eb or\u00ebn 18:00 n\u00eb bulevardin \u201cD\u00ebshmor\u00ebt e Kombit\u201d dhe pritet t\u00eb ket\u00eb nj\u00eb pjes\u00ebmarrje m\u00eb t\u00eb madhe t\u00eb mb\u00ebshtet\u00ebsve t\u00eb opozit\u00ebs, n\u00eb krahasim me pes\u00eb [&hellip;]<\/p>\n","protected":false},"author":1,"featured_media":1878,"comment_status":"open","ping_status":"open","sticky":false,"template":"","format":"standard","meta":{"jnews-multi-image_gallery":[],"jnews_single_post":{"subtitle":"","format":"standard","override":[{"template":"1","parallax":"1","fullscreen":"1","layout":"right-sidebar","sidebar":"default-sidebar","second_sidebar":"default-sidebar","sticky_sidebar":"1","share_position":"top","share_float_style":"share-monocrhome","show_share_counter":"1","show_view_counter":"1","show_featured":"1","show_post_meta":"1","show_post_author":"1","show_post_author_image":"1","show_post_date":"1","post_date_format":"default","post_date_format_custom":"Y\/m\/d","show_post_category":"1","show_post_reading_time":"0","post_reading_time_wpm":"300","post_calculate_word_method":"str_word_count","show_zoom_button":"0","zoom_button_out_step":"2","zoom_button_in_step":"3","show_post_tag":"1","show_popup_post":"1","show_comment_section":"1","number_popup_post":"1","show_author_box":"1","show_post_related":"0","show_inline_post_related":"0"}],"image_override":[{"single_post_thumbnail_size":"crop-715","single_post_gallery_size":"crop-500"}],"trending_post_position":"meta","trending_post_label":"Trending","sponsored_post_label":"Sponsored by","disable_ad":"0"},"jnews_primary_category":[],"jnews_social_meta":[],"jnews_override_counter":{"view_counter_number":"0","share_counter_number":"0","like_counter_number":"0","dislike_counter_number":"0"},"jnews_post_split":{"post_split":[{"template":"1","tag":"h2","numbering":"asc","mode":"normal","first":"0","enable_toc":"0","toc_type":"normal"}]},"footnotes":""},"categories":[83],"tags":[],"class_list":["post-1877","post","type-post","status-publish","format-standard","has-post-thumbnail","hentry","category-lajme"],"_links":{"self":[{"href":"https:\/\/shetshqip.com\/index.php?rest_route=\/wp\/v2\/posts\/1877","targetHints":{"allow":["GET"]}}],"collection":[{"href":"https:\/\/shetshqip.com\/index.php?rest_route=\/wp\/v2\/posts"}],"about":[{"href":"https:\/\/shetshqip.com\/index.php?rest_route=\/wp\/v2\/types\/post"}],"author":[{"embeddable":true,"href":"https:\/\/shetshqip.com\/index.php?rest_route=\/wp\/v2\/users\/1"}],"replies":[{"embeddable":true,"href":"https:\/\/shetshqip.com\/index.php?rest_route=%2Fwp%2Fv2%2Fcomments&post=1877"}],"version-history":[{"count":1,"href":"https:\/\/shetshqip.com\/index.php?rest_route=\/wp\/v2\/posts\/1877\/revisions"}],"predecessor-version":[{"id":1879,"href":"https:\/\/shetshqip.com\/index.php?rest_route=\/wp\/v2\/posts\/1877\/revisions\/1879"}],"wp:featuredmedia":[{"embeddable":true,"href":"https:\/\/shetshqip.com\/index.php?rest_route=\/wp\/v2\/media\/1878"}],"wp:attachment":[{"href":"https:\/\/shetshqip.com\/index.php?rest_route=%2Fwp%2Fv2%2Fmedia&parent=1877"}],"wp:term":[{"taxonomy":"category","embeddable":true,"href":"https:\/\/shetshqip.com\/index.php?rest_route=%2Fwp%2Fv2%2Fcategories&post=1877"},{"taxonomy":"post_tag","embeddable":true,"href":"https:\/\/shetshqip.com\/index.php?rest_route=%2Fwp%2Fv2%2Ftags&post=1877"}],"curies":[{"name":"wp","href":"https:\/\/api.w.org\/{rel}","templated":true}]}}