{"id":1841,"date":"2025-12-21T10:11:49","date_gmt":"2025-12-21T10:11:49","guid":{"rendered":"https:\/\/shetshqip.com\/?p=1841"},"modified":"2025-12-21T10:11:49","modified_gmt":"2025-12-21T10:11:49","slug":"alis-fiton-festivalin-e-64-te-te-kenges","status":"publish","type":"post","link":"https:\/\/shetshqip.com\/?p=1841","title":{"rendered":"Alis fiton Festivalin e 64-t\u00eb t\u00eb K\u00ebng\u00ebs!"},"content":{"rendered":"<p>K\u00ebng\u00ebtari shkodran Alis \u00ebsht\u00eb shpallur fituesi i Festivali i K\u00ebng\u00ebs n\u00eb Radio Televizionin Shqiptar, duke rr\u00ebmbyer \u00e7mimin e par\u00eb n\u00eb edicionin e 64-t me k\u00ebng\u00ebn \u201cNan\u201d. Ky triumf i r\u00ebnd\u00ebsish\u00ebm i siguron Alisit t\u00eb drejt\u00ebn p\u00ebr t\u00eb p\u00ebrfaq\u00ebsuar Shqip\u00ebrin\u00eb n\u00eb Eurovision Song Contest 2026, i cili do t\u00eb mbahet n\u00eb Vjen\u00eb t\u00eb Austris\u00eb.<\/p>\n<p>Performanca e Alisit u konsiderua nd\u00ebr m\u00eb t\u00eb spikaturat e k\u00ebtij edicioni, fal\u00eb potenc\u00ebs s\u00eb jasht\u00ebzakonshme vokale, interpretimit autentik dhe nj\u00eb mesazhi universal p\u00ebr dashurin\u00eb dhe lidhjen njer\u00ebzore. K\u00ebnga \u201cNan\u201d preku thell\u00eb publikun, duke krijuar nj\u00eb atmosfer\u00eb emocionale t\u00eb fort\u00eb n\u00eb sall\u00eb dhe duke u shnd\u00ebrruar n\u00eb nj\u00eb nga momentet m\u00eb t\u00eb paharrueshme t\u00eb nat\u00ebs finale. Ovacionet dhe duartrokitjet e gjata d\u00ebshmuan reagimin e ngroht\u00eb dhe mb\u00ebshtetjen e publikut p\u00ebr artistin shkodran.<img decoding=\"async\" style=\"background-color: #fcf8e3;\" src=\"https:\/\/ads.adsense.al\/www\/delivery\/lg.php?bannerid=0&amp;campaignid=0&amp;zoneid=73&amp;loc=https%3A%2F%2Ficonstyle.al%2Falis-fiton-festivalin-e-64-te-te-kenges%2F&amp;referer=https%3A%2F%2Ficonstyle.al%2F&amp;cb=e247b1fbc2\" alt=\"\" width=\"0\" height=\"0\" \/><\/p>\n<p>Formula e votimit p\u00ebr p\u00ebrcaktimin e fituesit ishte e ndar\u00eb n\u00eb m\u00ebnyr\u00eb t\u00eb barabart\u00eb: 50% e pik\u00ebve vinin nga juria profesionale dhe 50% nga votat e publikut. Nga ky kombinim, Alis arriti t\u00eb grumbulloj\u00eb gjithsej 152 pik\u00eb, duke u renditur i pari. N\u00eb vendin e dyt\u00eb u pozicionua Inis Neziri me 102 pik\u00eb, nd\u00ebrsa vendi i tret\u00eb shkoi p\u00ebr Sheila me 93 pik\u00eb.<img decoding=\"async\" style=\"background-color: #fcf8e3;\" src=\"https:\/\/ads.adsense.al\/www\/delivery\/lg.php?bannerid=0&amp;campaignid=0&amp;zoneid=11&amp;loc=https%3A%2F%2Ficonstyle.al%2Falis-fiton-festivalin-e-64-te-te-kenges%2F&amp;referer=https%3A%2F%2Ficonstyle.al%2F&amp;cb=81f8efc3df\" alt=\"\" width=\"0\" height=\"0\" \/><\/p>\n<p>Sa i p\u00ebrket vler\u00ebsimit t\u00eb juris\u00eb, Alis u rendit gjithashtu n\u00eb vendin e par\u00eb, i ndjekur nga Shelia n\u00eb vendin e dyt\u00eb dhe Vedat Ademi n\u00eb vendin e tret\u00eb. \u00c7mimi i par\u00eb iu dor\u00ebzua Alisit n\u00eb sken\u00eb nga kryetari i juris\u00eb, Ram\u00eb Mahaj, n\u00eb nj\u00eb moment simbolik q\u00eb kuror\u00ebzoi suksesin e tij.<\/p>\n<p>Me k\u00ebt\u00eb fitore, Alis hap nj\u00eb kapitull t\u00eb ri n\u00eb karrier\u00ebn e tij artistike, duke u b\u00ebr\u00eb nj\u00eb nga p\u00ebrfaq\u00ebsuesit m\u00eb t\u00eb rinj t\u00eb Shqip\u00ebris\u00eb n\u00eb aren\u00ebn nd\u00ebrkomb\u00ebtare t\u00eb Eurovizionit, me pritshm\u00ebri t\u00eb larta dhe mb\u00ebshtetje t\u00eb madhe nga publiku shqiptar.<\/p>\n","protected":false},"excerpt":{"rendered":"<p>K\u00ebng\u00ebtari shkodran Alis \u00ebsht\u00eb shpallur fituesi i Festivali i K\u00ebng\u00ebs n\u00eb Radio Televizionin Shqiptar, duke rr\u00ebmbyer \u00e7mimin e par\u00eb n\u00eb edicionin e 64-t me k\u00ebng\u00ebn \u201cNan\u201d. Ky triumf i r\u00ebnd\u00ebsish\u00ebm i siguron Alisit t\u00eb drejt\u00ebn p\u00ebr t\u00eb p\u00ebrfaq\u00ebsuar Shqip\u00ebrin\u00eb n\u00eb Eurovision Song Contest 2026, i cili do t\u00eb mbahet n\u00eb Vjen\u00eb t\u00eb Austris\u00eb. Performanca e [&hellip;]<\/p>\n","protected":false},"author":1,"featured_media":1842,"comment_status":"open","ping_status":"open","sticky":false,"template":"","format":"standard","meta":{"jnews-multi-image_gallery":[],"jnews_single_post":{"subtitle":""},"jnews_primary_category":[],"jnews_social_meta":[],"jnews_override_counter":{"view_counter_number":"0","share_counter_number":"0","like_counter_number":"0","dislike_counter_number":"0"},"jnews_post_split":{"post_split":[{"template":"1","tag":"h2","numbering":"asc","mode":"normal","first":"0","enable_toc":"0","toc_type":"normal"}]},"footnotes":""},"categories":[84],"tags":[],"class_list":["post-1841","post","type-post","status-publish","format-standard","has-post-thumbnail","hentry","category-showbiz"],"_links":{"self":[{"href":"https:\/\/shetshqip.com\/index.php?rest_route=\/wp\/v2\/posts\/1841","targetHints":{"allow":["GET"]}}],"collection":[{"href":"https:\/\/shetshqip.com\/index.php?rest_route=\/wp\/v2\/posts"}],"about":[{"href":"https:\/\/shetshqip.com\/index.php?rest_route=\/wp\/v2\/types\/post"}],"author":[{"embeddable":true,"href":"https:\/\/shetshqip.com\/index.php?rest_route=\/wp\/v2\/users\/1"}],"replies":[{"embeddable":true,"href":"https:\/\/shetshqip.com\/index.php?rest_route=%2Fwp%2Fv2%2Fcomments&post=1841"}],"version-history":[{"count":1,"href":"https:\/\/shetshqip.com\/index.php?rest_route=\/wp\/v2\/posts\/1841\/revisions"}],"predecessor-version":[{"id":1843,"href":"https:\/\/shetshqip.com\/index.php?rest_route=\/wp\/v2\/posts\/1841\/revisions\/1843"}],"wp:featuredmedia":[{"embeddable":true,"href":"https:\/\/shetshqip.com\/index.php?rest_route=\/wp\/v2\/media\/1842"}],"wp:attachment":[{"href":"https:\/\/shetshqip.com\/index.php?rest_route=%2Fwp%2Fv2%2Fmedia&parent=1841"}],"wp:term":[{"taxonomy":"category","embeddable":true,"href":"https:\/\/shetshqip.com\/index.php?rest_route=%2Fwp%2Fv2%2Fcategories&post=1841"},{"taxonomy":"post_tag","embeddable":true,"href":"https:\/\/shetshqip.com\/index.php?rest_route=%2Fwp%2Fv2%2Ftags&post=1841"}],"curies":[{"name":"wp","href":"https:\/\/api.w.org\/{rel}","templated":true}]}}