{"id":1781,"date":"2025-12-20T17:44:26","date_gmt":"2025-12-20T17:44:26","guid":{"rendered":"https:\/\/shetshqip.com\/?p=1781"},"modified":"2025-12-20T17:45:49","modified_gmt":"2025-12-20T17:45:49","slug":"1781-2","status":"publish","type":"post","link":"https:\/\/shetshqip.com\/?p=1781","title":{"rendered":"Ka nj\u00eb arsye pse Shkodra Elektronike nuk do t\u00eb garoj\u00eb m\u00eb n\u00eb \u201cFestivalin e K\u00ebng\u00ebs\u201d"},"content":{"rendered":"<p>Pas suksesit t\u00eb vitit t\u00eb kaluar dhe jehon\u00ebs q\u00eb k\u00ebnga \u201cZjerm\u201d pati n\u00eb Shqip\u00ebri dhe n\u00eb skena europiane, Shkodra Elektronike nuk planifikon t\u00eb rikthehet n\u00eb gar\u00eb n\u00eb \u201cFestivalin e K\u00ebng\u00ebs\u201d.<\/p>\n<p>N\u00eb nj\u00eb intervist\u00eb p\u00ebr Fatos Sulon, autori i programit \u201cU\u00ebt\u00ebf\u00eb Show\u201d n\u00eb Andale Media, Beatri\u00e7e Gjergji u shpreh se vendimi p\u00ebr t\u00eb mos konkurruar s\u00ebrish \u00ebsht\u00eb i q\u00ebllimsh\u00ebm.<\/p>\n<blockquote><p>\u201cJo, nuk e mendojm\u00eb k\u00ebt\u00eb gj\u00eb, sepse \u00ebsht\u00eb shum\u00eb bukur t\u2019u l\u00ebm\u00eb vend t\u00eb tjer\u00ebve,\u201d &#8211; u shpreh ajo.<\/p><\/blockquote>\n<p>Artistja shtoi se ajo q\u00eb ndodhi vitin e kaluar, duke iu referuar suksesit t\u00eb jasht\u00ebzakonsh\u00ebm t\u00eb \u201cZjerm\u201d, i ka l\u00ebn\u00eb t\u00eb surprizuar dhe nj\u00ebkoh\u00ebsisht kureshtar\u00eb p\u00ebr \u00e7far\u00eb do t\u00eb vij\u00eb n\u00eb vitet n\u00eb vazhdim.<\/p>\n<blockquote><p>\u201cKam shum\u00eb qejf t\u00eb shoh \u00e7far\u00eb d\u00ebshiron t\u00eb b\u00ebj\u00eb rinia dhe si do t\u00eb vazhdoj\u00eb kultura muzikore shqiptare,\u201d &#8211; tha Beatri\u00e7e, duke theksuar r\u00ebnd\u00ebsin\u00eb e hap\u00ebsir\u00ebs p\u00ebr z\u00ebra t\u00eb rinj dhe ide t\u00eb fresk\u00ebta.<\/p><\/blockquote>\n<blockquote class=\"instagram-media\" style=\"background: #FFF; border: 0; border-radius: 3px; box-shadow: 0 0 1px 0 rgba(0,0,0,0.5),0 1px 10px 0 rgba(0,0,0,0.15); margin: 1px; max-width: 540px; min-width: 326px; padding: 0; width: calc(100% - 2px);\" data-instgrm-captioned=\"\" data-instgrm-permalink=\"https:\/\/www.instagram.com\/reel\/DSdTuWugjFq\/?utm_source=ig_embed&amp;utm_campaign=loading\" data-instgrm-version=\"14\">\n<div style=\"padding: 16px;\">\n<p>&nbsp;<\/p>\n<div style=\"display: flex; flex-direction: row; align-items: center;\">\n<div style=\"background-color: #f4f4f4; border-radius: 50%; flex-grow: 0; height: 40px; margin-right: 14px; width: 40px;\"><\/div>\n<div style=\"display: flex; flex-direction: column; flex-grow: 1; justify-content: center;\">\n<div style=\"background-color: #f4f4f4; border-radius: 4px; flex-grow: 0; height: 14px; margin-bottom: 6px; width: 100px;\"><\/div>\n<div style=\"background-color: #f4f4f4; border-radius: 4px; flex-grow: 0; height: 14px; width: 60px;\"><\/div>\n<\/div>\n<\/div>\n<div style=\"padding: 19% 0;\"><\/div>\n<div style=\"display: block; height: 50px; margin: 0 auto 12px; width: 50px;\"><\/div>\n<div style=\"padding-top: 8px;\">\n<div style=\"color: #3897f0; font-family: Arial,sans-serif; font-size: 14px; font-style: normal; font-weight: 550; line-height: 18px;\">View this post on Instagram<\/div>\n<\/div>\n<div style=\"padding: 12.5% 0;\"><\/div>\n<div style=\"display: flex; flex-direction: row; margin-bottom: 14px; align-items: center;\">\n<div>\n<div style=\"background-color: #f4f4f4; border-radius: 50%; height: 12.5px; width: 12.5px; transform: translateX(0px) translateY(7px);\"><\/div>\n<div style=\"background-color: #f4f4f4; height: 12.5px; transform: rotate(-45deg) translateX(3px) translateY(1px); width: 12.5px; flex-grow: 0; margin-right: 14px; margin-left: 2px;\"><\/div>\n<div style=\"background-color: #f4f4f4; border-radius: 50%; height: 12.5px; width: 12.5px; transform: translateX(9px) translateY(-18px);\"><\/div>\n<\/div>\n<div style=\"margin-left: 8px;\">\n<div style=\"background-color: #f4f4f4; border-radius: 50%; flex-grow: 0; height: 20px; width: 20px;\"><\/div>\n<div style=\"width: 0; height: 0; border-top: 2px solid transparent; border-left: 6px solid #f4f4f4; border-bottom: 2px solid transparent; transform: translateX(16px) translateY(-4px) rotate(30deg);\"><\/div>\n<\/div>\n<div style=\"margin-left: auto;\">\n<div style=\"width: 0px; border-top: 8px solid #F4F4F4; border-right: 8px solid transparent; transform: translateY(16px);\"><\/div>\n<div style=\"background-color: #f4f4f4; flex-grow: 0; height: 12px; width: 16px; transform: translateY(-4px);\"><\/div>\n<div style=\"width: 0; height: 0; border-top: 8px solid #F4F4F4; border-left: 8px solid transparent; transform: translateY(-4px) translateX(8px);\"><\/div>\n<\/div>\n<\/div>\n<div style=\"display: flex; flex-direction: column; flex-grow: 1; justify-content: center; margin-bottom: 24px;\">\n<div style=\"background-color: #f4f4f4; border-radius: 4px; flex-grow: 0; height: 14px; margin-bottom: 6px; width: 224px;\"><\/div>\n<div style=\"background-color: #f4f4f4; border-radius: 4px; flex-grow: 0; height: 14px; width: 144px;\"><\/div>\n<\/div>\n<p>&nbsp;<\/p>\n<p style=\"color: #c9c8cd; font-family: Arial,sans-serif; font-size: 14px; line-height: 17px; margin-bottom: 0; margin-top: 8px; overflow: hidden; padding: 8px 0 7px; text-align: center; text-overflow: ellipsis; white-space: nowrap;\"><a style=\"color: #c9c8cd; font-family: Arial,sans-serif; font-size: 14px; font-style: normal; font-weight: normal; line-height: 17px; text-decoration: none;\" href=\"https:\/\/www.instagram.com\/reel\/DSdTuWugjFq\/?utm_source=ig_embed&amp;utm_campaign=loading\" target=\"_blank\" rel=\"noopener\">A post shared by Andale (@andale.al)<\/a><\/p>\n<\/div>\n<\/blockquote>\n<p><script async src=\"\/\/www.instagram.com\/embed.js\"><\/script><\/p>\n<p>Shkodra Elektronike p\u00ebrfaq\u00ebsoi Shqip\u00ebrin\u00eb n\u00eb Basel, Zvic\u00ebr, ku u rendit n\u00eb Top 10, duke z\u00ebn\u00eb vendin e tet\u00eb &#8211; nj\u00eb arritje q\u00eb konfirmoi ndikimin dhe identitetin e tyre unik n\u00eb sken\u00ebn muzikore europiane.<\/p>\n","protected":false},"excerpt":{"rendered":"<p>Pas suksesit t\u00eb vitit t\u00eb kaluar dhe jehon\u00ebs q\u00eb k\u00ebnga \u201cZjerm\u201d pati n\u00eb Shqip\u00ebri dhe n\u00eb skena europiane, Shkodra Elektronike nuk planifikon t\u00eb rikthehet n\u00eb gar\u00eb n\u00eb \u201cFestivalin e K\u00ebng\u00ebs\u201d. N\u00eb nj\u00eb intervist\u00eb p\u00ebr Fatos Sulon, autori i programit \u201cU\u00ebt\u00ebf\u00eb Show\u201d n\u00eb Andale Media, Beatri\u00e7e Gjergji u shpreh se vendimi p\u00ebr t\u00eb mos konkurruar s\u00ebrish [&hellip;]<\/p>\n","protected":false},"author":1,"featured_media":1782,"comment_status":"open","ping_status":"open","sticky":false,"template":"","format":"standard","meta":{"jnews-multi-image_gallery":[],"jnews_single_post":{"subtitle":"","format":"standard","override":[{"template":"1","parallax":"1","fullscreen":"1","layout":"right-sidebar","sidebar":"default-sidebar","second_sidebar":"default-sidebar","sticky_sidebar":"1","share_position":"top","share_float_style":"share-monocrhome","show_share_counter":"1","show_view_counter":"1","show_featured":"1","show_post_meta":"1","show_post_author":"1","show_post_author_image":"1","show_post_date":"1","post_date_format":"default","post_date_format_custom":"Y\/m\/d","show_post_category":"1","show_post_reading_time":"0","post_reading_time_wpm":"300","post_calculate_word_method":"str_word_count","show_zoom_button":"0","zoom_button_out_step":"2","zoom_button_in_step":"3","show_post_tag":"1","show_popup_post":"1","show_comment_section":"1","number_popup_post":"1","show_author_box":"1","show_post_related":"0","show_inline_post_related":"0"}],"image_override":[{"single_post_thumbnail_size":"crop-715","single_post_gallery_size":"crop-500"}],"trending_post_position":"meta","trending_post_label":"Trending","sponsored_post_label":"Sponsored by","disable_ad":"0"},"jnews_primary_category":[],"jnews_social_meta":[],"jnews_override_counter":{"view_counter_number":"0","share_counter_number":"0","like_counter_number":"0","dislike_counter_number":"0"},"jnews_post_split":{"post_split":[{"template":"1","tag":"h2","numbering":"asc","mode":"normal","first":"0","enable_toc":"0","toc_type":"normal"}]},"footnotes":""},"categories":[84],"tags":[],"class_list":["post-1781","post","type-post","status-publish","format-standard","has-post-thumbnail","hentry","category-showbiz"],"_links":{"self":[{"href":"https:\/\/shetshqip.com\/index.php?rest_route=\/wp\/v2\/posts\/1781","targetHints":{"allow":["GET"]}}],"collection":[{"href":"https:\/\/shetshqip.com\/index.php?rest_route=\/wp\/v2\/posts"}],"about":[{"href":"https:\/\/shetshqip.com\/index.php?rest_route=\/wp\/v2\/types\/post"}],"author":[{"embeddable":true,"href":"https:\/\/shetshqip.com\/index.php?rest_route=\/wp\/v2\/users\/1"}],"replies":[{"embeddable":true,"href":"https:\/\/shetshqip.com\/index.php?rest_route=%2Fwp%2Fv2%2Fcomments&post=1781"}],"version-history":[{"count":3,"href":"https:\/\/shetshqip.com\/index.php?rest_route=\/wp\/v2\/posts\/1781\/revisions"}],"predecessor-version":[{"id":1785,"href":"https:\/\/shetshqip.com\/index.php?rest_route=\/wp\/v2\/posts\/1781\/revisions\/1785"}],"wp:featuredmedia":[{"embeddable":true,"href":"https:\/\/shetshqip.com\/index.php?rest_route=\/wp\/v2\/media\/1782"}],"wp:attachment":[{"href":"https:\/\/shetshqip.com\/index.php?rest_route=%2Fwp%2Fv2%2Fmedia&parent=1781"}],"wp:term":[{"taxonomy":"category","embeddable":true,"href":"https:\/\/shetshqip.com\/index.php?rest_route=%2Fwp%2Fv2%2Fcategories&post=1781"},{"taxonomy":"post_tag","embeddable":true,"href":"https:\/\/shetshqip.com\/index.php?rest_route=%2Fwp%2Fv2%2Ftags&post=1781"}],"curies":[{"name":"wp","href":"https:\/\/api.w.org\/{rel}","templated":true}]}}