{"id":1291,"date":"2023-09-25T14:10:32","date_gmt":"2023-09-25T14:10:32","guid":{"rendered":"https:\/\/shetshqip.com\/?p=1291"},"modified":"2023-09-25T14:10:32","modified_gmt":"2023-09-25T14:10:32","slug":"u-vra-nga-serbet-ne-kosove-sot-homazhe-per-te-ndjerin-afrim-bunjaku-ne-sheshin-nene-tereza","status":"publish","type":"post","link":"https:\/\/shetshqip.com\/?p=1291","title":{"rendered":"U vra nga serb\u00ebt n\u00eb Kosov\u00eb, sot homazhe p\u00ebr t\u00eb ndjerin Afrim Bunjaku n\u00eb sheshin &#8220;N\u00ebn\u00eb Tereza&#8221;"},"content":{"rendered":"<p>Dhimbja e thell\u00eb p\u00ebr policin e vrar\u00eb n\u00eb Kosov\u00eb, Afrim Bunjaku t\u00eb cilit n\u00eb m\u00ebnyr\u00eb tin\u00ebzare iu mor jeta nga agresor\u00ebt serb, ka shkaktuar reagime t\u00eb shumta jo vet\u00ebm n\u00eb atdheun e tij.<\/p>\n<p>Edhe n\u00eb Tiran\u00eb, sot n\u00eb or\u00ebn 19:00 tek sheshi \u201cN\u00ebn\u00eb Tereza\u201d do t\u00eb mbahen homazhe p\u00ebr t\u00eb ndjerin Bunjaku.<\/p>\n<p><img fetchpriority=\"high\" decoding=\"async\" src=\"https:\/\/shetshqip.com\/wp-content\/uploads\/2023\/09\/640-0-1695644270xnderipng-399.png\" alt=\"\" width=\"640\" height=\"640\" class=\"aligncenter size-full wp-image-1292\" srcset=\"https:\/\/shetshqip.com\/wp-content\/uploads\/2023\/09\/640-0-1695644270xnderipng-399.png 640w, https:\/\/shetshqip.com\/wp-content\/uploads\/2023\/09\/640-0-1695644270xnderipng-399-300x300.png 300w, https:\/\/shetshqip.com\/wp-content\/uploads\/2023\/09\/640-0-1695644270xnderipng-399-150x150.png 150w, https:\/\/shetshqip.com\/wp-content\/uploads\/2023\/09\/640-0-1695644270xnderipng-399-180x180.png 180w, https:\/\/shetshqip.com\/wp-content\/uploads\/2023\/09\/640-0-1695644270xnderipng-399-90x90.png 90w, https:\/\/shetshqip.com\/wp-content\/uploads\/2023\/09\/640-0-1695644270xnderipng-399-370x370.png 370w, https:\/\/shetshqip.com\/wp-content\/uploads\/2023\/09\/640-0-1695644270xnderipng-399-20x20.png 20w, https:\/\/shetshqip.com\/wp-content\/uploads\/2023\/09\/640-0-1695644270xnderipng-399-48x48.png 48w\" sizes=\"(max-width: 640px) 100vw, 640px\" \/><\/p>\n","protected":false},"excerpt":{"rendered":"<p>Dhimbja e thell\u00eb p\u00ebr policin e vrar\u00eb n\u00eb Kosov\u00eb, Afrim Bunjaku t\u00eb cilit n\u00eb m\u00ebnyr\u00eb tin\u00ebzare iu mor jeta nga agresor\u00ebt serb, ka shkaktuar reagime t\u00eb shumta jo vet\u00ebm n\u00eb atdheun e tij. Edhe n\u00eb Tiran\u00eb, sot n\u00eb or\u00ebn 19:00 tek sheshi \u201cN\u00ebn\u00eb Tereza\u201d do t\u00eb mbahen homazhe p\u00ebr t\u00eb ndjerin Bunjaku.<\/p>\n","protected":false},"author":1,"featured_media":1293,"comment_status":"open","ping_status":"open","sticky":false,"template":"","format":"standard","meta":{"jnews-multi-image_gallery":[],"jnews_single_post":[],"jnews_primary_category":[],"jnews_social_meta":[],"jnews_override_counter":[],"jnews_post_split":[],"footnotes":""},"categories":[83],"tags":[],"class_list":["post-1291","post","type-post","status-publish","format-standard","has-post-thumbnail","hentry","category-lajme"],"_links":{"self":[{"href":"https:\/\/shetshqip.com\/index.php?rest_route=\/wp\/v2\/posts\/1291","targetHints":{"allow":["GET"]}}],"collection":[{"href":"https:\/\/shetshqip.com\/index.php?rest_route=\/wp\/v2\/posts"}],"about":[{"href":"https:\/\/shetshqip.com\/index.php?rest_route=\/wp\/v2\/types\/post"}],"author":[{"embeddable":true,"href":"https:\/\/shetshqip.com\/index.php?rest_route=\/wp\/v2\/users\/1"}],"replies":[{"embeddable":true,"href":"https:\/\/shetshqip.com\/index.php?rest_route=%2Fwp%2Fv2%2Fcomments&post=1291"}],"version-history":[{"count":1,"href":"https:\/\/shetshqip.com\/index.php?rest_route=\/wp\/v2\/posts\/1291\/revisions"}],"predecessor-version":[{"id":1294,"href":"https:\/\/shetshqip.com\/index.php?rest_route=\/wp\/v2\/posts\/1291\/revisions\/1294"}],"wp:featuredmedia":[{"embeddable":true,"href":"https:\/\/shetshqip.com\/index.php?rest_route=\/wp\/v2\/media\/1293"}],"wp:attachment":[{"href":"https:\/\/shetshqip.com\/index.php?rest_route=%2Fwp%2Fv2%2Fmedia&parent=1291"}],"wp:term":[{"taxonomy":"category","embeddable":true,"href":"https:\/\/shetshqip.com\/index.php?rest_route=%2Fwp%2Fv2%2Fcategories&post=1291"},{"taxonomy":"post_tag","embeddable":true,"href":"https:\/\/shetshqip.com\/index.php?rest_route=%2Fwp%2Fv2%2Ftags&post=1291"}],"curies":[{"name":"wp","href":"https:\/\/api.w.org\/{rel}","templated":true}]}}