{"id":1272,"date":"2023-09-25T14:00:02","date_gmt":"2023-09-25T14:00:02","guid":{"rendered":"https:\/\/shetshqip.com\/?p=1272"},"modified":"2023-09-25T14:00:02","modified_gmt":"2023-09-25T14:00:02","slug":"zbulohet-sozia-e-jori-dellit-e-pabesueshme-ngjashmeria","status":"publish","type":"post","link":"https:\/\/shetshqip.com\/?p=1272","title":{"rendered":"Zbulohet sozia e Jori Dellit, e pabesueshme ngjashm\u00ebria"},"content":{"rendered":"<p>Jori Delli vazhdon t\u00eb jet\u00eb shum\u00eb e komentuar edhe pas mbarimit t\u00eb Big Brother VIP, teksa s\u00eb fundmi ka qen\u00eb n\u00eb v\u00ebmendje p\u00ebr jet\u00ebn e saj private. Jori po shijon lidhjen me reperin Fred De Palma dhe nd\u00ebrkoh\u00eb po merret dhe me profesionin e saj, modelingun.<\/p>\n<p>Ndjek\u00ebsit e modeles, kan\u00eb zbuluar sozin\u00eb e saj, e cila \u00ebsht\u00eb nj\u00eb aktore dhe k\u00ebng\u00ebtare kolumbiane, 26-vje\u00e7are e quajtur Juanita Molina.<\/p>\n<p>Dy vajzat ngjajn\u00eb shum\u00eb me nj\u00ebra-tjetr\u00ebn aq sa duken si binjake.<\/p>\n<p><img fetchpriority=\"high\" decoding=\"async\" src=\"https:\/\/shetshqip.com\/wp-content\/uploads\/2023\/09\/640-0-screenshot-6-1695540405.jpg\" alt=\"\" width=\"640\" height=\"495\" class=\"aligncenter size-full wp-image-1274\" srcset=\"https:\/\/shetshqip.com\/wp-content\/uploads\/2023\/09\/640-0-screenshot-6-1695540405.jpg 640w, https:\/\/shetshqip.com\/wp-content\/uploads\/2023\/09\/640-0-screenshot-6-1695540405-300x232.jpg 300w, https:\/\/shetshqip.com\/wp-content\/uploads\/2023\/09\/640-0-screenshot-6-1695540405-370x286.jpg 370w, https:\/\/shetshqip.com\/wp-content\/uploads\/2023\/09\/640-0-screenshot-6-1695540405-20x15.jpg 20w, https:\/\/shetshqip.com\/wp-content\/uploads\/2023\/09\/640-0-screenshot-6-1695540405-62x48.jpg 62w\" sizes=\"(max-width: 640px) 100vw, 640px\" \/><\/p>\n","protected":false},"excerpt":{"rendered":"<p>Jori Delli vazhdon t\u00eb jet\u00eb shum\u00eb e komentuar edhe pas mbarimit t\u00eb Big Brother VIP, teksa s\u00eb fundmi ka qen\u00eb n\u00eb v\u00ebmendje p\u00ebr jet\u00ebn e saj private. Jori po shijon lidhjen me reperin Fred De Palma dhe nd\u00ebrkoh\u00eb po merret dhe me profesionin e saj, modelingun. Ndjek\u00ebsit e modeles, kan\u00eb zbuluar sozin\u00eb e saj, e [&hellip;]<\/p>\n","protected":false},"author":1,"featured_media":1273,"comment_status":"open","ping_status":"open","sticky":false,"template":"","format":"standard","meta":{"jnews-multi-image_gallery":[],"jnews_single_post":[],"jnews_primary_category":[],"jnews_social_meta":[],"jnews_override_counter":[],"jnews_post_split":[],"footnotes":""},"categories":[85,83,84],"tags":[],"class_list":["post-1272","post","type-post","status-publish","format-standard","has-post-thumbnail","hentry","category-ekskluzive","category-lajme","category-showbiz"],"_links":{"self":[{"href":"https:\/\/shetshqip.com\/index.php?rest_route=\/wp\/v2\/posts\/1272","targetHints":{"allow":["GET"]}}],"collection":[{"href":"https:\/\/shetshqip.com\/index.php?rest_route=\/wp\/v2\/posts"}],"about":[{"href":"https:\/\/shetshqip.com\/index.php?rest_route=\/wp\/v2\/types\/post"}],"author":[{"embeddable":true,"href":"https:\/\/shetshqip.com\/index.php?rest_route=\/wp\/v2\/users\/1"}],"replies":[{"embeddable":true,"href":"https:\/\/shetshqip.com\/index.php?rest_route=%2Fwp%2Fv2%2Fcomments&post=1272"}],"version-history":[{"count":1,"href":"https:\/\/shetshqip.com\/index.php?rest_route=\/wp\/v2\/posts\/1272\/revisions"}],"predecessor-version":[{"id":1275,"href":"https:\/\/shetshqip.com\/index.php?rest_route=\/wp\/v2\/posts\/1272\/revisions\/1275"}],"wp:featuredmedia":[{"embeddable":true,"href":"https:\/\/shetshqip.com\/index.php?rest_route=\/wp\/v2\/media\/1273"}],"wp:attachment":[{"href":"https:\/\/shetshqip.com\/index.php?rest_route=%2Fwp%2Fv2%2Fmedia&parent=1272"}],"wp:term":[{"taxonomy":"category","embeddable":true,"href":"https:\/\/shetshqip.com\/index.php?rest_route=%2Fwp%2Fv2%2Fcategories&post=1272"},{"taxonomy":"post_tag","embeddable":true,"href":"https:\/\/shetshqip.com\/index.php?rest_route=%2Fwp%2Fv2%2Ftags&post=1272"}],"curies":[{"name":"wp","href":"https:\/\/api.w.org\/{rel}","templated":true}]}}